
{"id":11780,"date":"2025-06-13T14:19:35","date_gmt":"2025-06-13T14:19:35","guid":{"rendered":"https:\/\/www.isutc.ac.mz\/?p=11780"},"modified":"2025-08-19T08:40:16","modified_gmt":"2025-08-19T08:40:16","slug":"jornadas-cientificas-2025","status":"publish","type":"post","link":"https:\/\/www.isutc.ac.mz\/?p=11780","title":{"rendered":"III JORNADAS CIENT\u00cdFICAS 2025 &#8211; 11 de Setembro 2025"},"content":{"rendered":"\n<p class=\"has-text-align-center has-large-font-size\"><strong>Termos de Refer\u00eancia <\/strong><\/p>\n\n\n\n<p><\/p>\n\n\n\n<ol class=\"wp-block-list\" type=\"1\">\n<li><a><strong>INTRODU\u00c7\u00c3O<\/strong><\/a><\/li>\n<\/ol>\n\n\n\n<p>As Jornadas Cient\u00edficas (JC) constituem actividades desenvolvidas, anualmente, pelo pelo Instituto Superior de Transportes e Comunica\u00e7\u00f5es (ISUTC), no \u00e2mbito da realiza\u00e7\u00e3o e divulga\u00e7\u00e3o de investiga\u00e7\u00e3o cient\u00edfica realizada pela comunidade acad\u00e9mica do ISUTC, bem como por outras institui\u00e7\u00f5es nacionais de ensino e investiga\u00e7\u00e3o.&nbsp; As JCs consistem na apresenta\u00e7\u00e3o de trabalhos cient\u00edficos, sob a forma de comunica\u00e7\u00f5es orais e exposi\u00e7\u00f5es orientadas parta os seguintes objectivos:<\/p>\n\n\n\n<p>i) Promover e divulgar resultados de pesquisas nas \u00e1reas da Ci\u00eancia, Engenharia e Gest\u00e3o e outras relacionadas com o interesse do ISUTC, pelos estudantes, docentes e investigadores com destaque para os trabalhos que abordam temas actuais em Mo\u00e7ambique e no mundo no que se refere \u00e0 ci\u00eancia, engenharia, gest\u00e3o, tecnologia, educa\u00e7\u00e3o e desenvolvimento sustent\u00e1vel;<\/p>\n\n\n\n<p>ii) Promover e incentivar a cultura de produ\u00e7\u00e3o e divulga\u00e7\u00e3o de trabalhos cient\u00edficos entre os estudantes e outros participantes das Jornadas Cient\u00edficas;<\/p>\n\n\n\n<p>iii) Promover uma academia mais inclusiva, incentivando a participa\u00e7\u00e3o mais activa de mulheres na investiga\u00e7\u00e3o em ci\u00eancia e engenharia e nas quest\u00f5es relativas ao g\u00e9nero; e<\/p>\n\n\n\n<p>iv) Valorizar &nbsp;a &nbsp;investiga\u00e7\u00e3o &nbsp;e &nbsp;inova\u00e7\u00e3o &nbsp;cient\u00edficas &nbsp;como &nbsp;pr\u00e1ticas &nbsp;para &nbsp;a resolu\u00e7\u00e3o de problemas da sociedade mo\u00e7ambicana e em geral.<\/p>\n\n\n\n<p>As III Jornadas Cient\u00edficas do ISUTC decorrer\u00e3o sob o lema <em>\u201c<strong>Promovendo o Desenvolvimento Sustent\u00e1vel atrav\u00e9s da Inova\u00e7\u00e3o em Tecnologia e Gest\u00e3o<\/strong>\u201d<\/em>.<\/p>\n\n\n\n<p>2. <strong>DATA E LOCAL DO EVENTO<\/strong><\/p>\n\n\n\n<p>O evento ser\u00e1 realizado nas instala\u00e7\u00f5es do ISUTC, localizadas no prolongamento da avenida Kim Il Sung, no dia 11 de Setembro de 2025, das 08:00 \u00e0s 17:00..<\/p>\n\n\n\n<p>3. <strong>\u00c1REAS TEM\u00c1TICAS<\/strong><\/p>\n\n\n\n<p>Apesar de existir um lema espec\u00edfico para as jornadas, o evento est\u00e1 aberto a diversas \u00e1reas tem\u00e1ticas das Ci\u00eancias, Engenharia e Gest\u00e3o tais como:<\/p>\n\n\n\n<ul class=\"wp-block-list\">\n<li>Engenharia Civil;<\/li>\n\n\n\n<li>Engenharia Inform\u00e1tica;<\/li>\n\n\n\n<li>Engenharia Electr\u00f3nica;<\/li>\n\n\n\n<li>Engenharia El\u00e9ctrica e Electrot\u00e9cnica;<\/li>\n\n\n\n<li>Engenharia Mec\u00e2nica;<\/li>\n\n\n\n<li>Engenharia Electromec\u00e2nica;<\/li>\n\n\n\n<li>Engenharia Ferrovi\u00e1ria;<\/li>\n\n\n\n<li>Engenharia Ambiental;<\/li>\n\n\n\n<li>Engenharia e Ci\u00eancia de Computadores;<\/li>\n\n\n\n<li>Transportes<\/li>\n\n\n\n<li>Comunica\u00e7\u00f5es<\/li>\n\n\n\n<li>Ci\u00eancias B\u00e1sicas (Matem\u00e1tica, Estat\u00edsitica, F\u00edsica e Qu\u00edmica)<\/li>\n\n\n\n<li>Gest\u00e3o Banc\u00e1ria e Seguros;<\/li>\n\n\n\n<li>Gest\u00e3o e Finan\u00e7as;<\/li>\n\n\n\n<li>Contabilidade e Auditoria;<\/li>\n\n\n\n<li>G\u00e9nero e Desenvolvimento.<\/li>\n<\/ul>\n\n\n\n<p>4. <a><strong>P\u00daBLICO-ALV<\/strong><\/a>O<\/p>\n\n\n\n<p>As jornadas est\u00e3o abertas aos estudantes, docentes, investigadores e profissionais do ISUTC e de outras institui\u00e7\u00f5es de ensino superior e t\u00e9cnico-profissional.<\/p>\n\n\n\n<p><strong>5. INSCRI\u00c7\u00c3O E SUBMISS\u00c3O DE RESUMOS<\/strong><\/p>\n\n\n\n<p>A participa\u00e7\u00e3o \u00e9 condicionada \u00e0 inscri\u00e7\u00e3o, gratuita, que decorrer\u00e1 at\u00e9 o dia 29 de Agosto de 2025, atrav\u00e9s do preenchimento do formul\u00e1rio dispon\u00edvel no link:  <a href=\"https:\/\/forms.gle\/yzQ2coiYtmkvK8vFA\">https:\/\/forms.gle\/yzQ2coiYtmkvK8vFA<\/a><\/p>\n\n\n\n<p>Os interessados em apresentar trabalhos nas jornadas dever\u00e3o submeter os resumos dos seus trabalhos, em formato digital,<\/p>\n\n\n\n<p>Os resumos dos trabalhos a serem apresentados nas jornadas dever\u00e3o ser submetidos \u00e0 Comiss\u00e3o Cient\u00edfica das Jornadas at\u00e9 o dia 22 de Agosto de 2025, em formato electr\u00f3nico, para o endere\u00e7o: <a href=\"mailto:jornadas.cientificas@isutc.ac.mz\">jornadas.cientificas@isutc.ac.mz<\/a>.<\/p>\n\n\n\n<p><strong>Importante: <\/strong>Para o caso de estudantes, os trabalhos submetidos devem estar sob a supervis\u00e3o de um docente ou investigador, sendo ele (docente ou investigador) co-autor do mesmo.<\/p>\n\n\n\n<p>A divulga\u00e7\u00e3o dos trabalhos seleccionados ser\u00e1 feita at\u00e9 o dia <strong><em>29 de Agosto de 2025<\/em><\/strong>.<\/p>\n\n\n\n<p>Havendo a necessidade de consulta para o esclarecimento de d\u00favidas, os interessados dever\u00e3o entrar em contacto atrav\u00e9s do e-mail <a href=\"mailto:\"><\/a><a href=\"mailto:jornadas.cientificas@isutc.ac.mz\">jornadas.cientificas@isutc.ac.mz<\/a><a href=\"mailto:ganela@isutc.ac.mz\">.<\/a> Em casos <strong><em>excepcionais<\/em><\/strong>, poder\u00e1 ser usado o seguinte contacto telef\u00f3nico +258 87 428 93 94 (Coordenador da Comiss\u00e3o Cient\u00edfica).<\/p>\n\n\n\n<p>5.1 <strong>Estrutura e formata\u00e7\u00e3o dos resumos<\/strong><\/p>\n\n\n\n<p>Os resumos devem ser escritos em portugu\u00eas e conter as informa\u00e7\u00f5es seguintes<\/p>\n\n\n\n<p>5.1.1 <strong>T\u00edtulo<\/strong><\/p>\n\n\n\n<p>Deve ter no m\u00e1ximo 18 palavras introduzidas no ambiente do \u201cmodelo\u201d, sem alterar o seu formato.<\/p>\n\n\n\n<p><a><strong>5.1.2 Nomes dos autores e afilia\u00e7\u00e3o<\/strong><\/a><\/p>\n\n\n\n<p>N\u00e3o dever\u00e1 incluir t\u00edtulos ou graus acad\u00e9micos. Deve-se colocar um asterisco em <em>superscrito<\/em> no nome do autor que ir\u00e1 apresentar o trabalho, caso seja aceite; E ainda, na descri\u00e7\u00e3o do <em>superscrito<\/em>, deve-se indicar o contacto (n\u00famero de telefone e e-mail) do autor que ir\u00e1 apresentar o trabalho, bem como especificar a forma de apresenta\u00e7\u00e3o pretendida (comunica\u00e7\u00e3o oral ou poster), <a>bem como a \u00e1rea tem\u00e1tica em que o resumo se enquadra dentro das diversas \u00e1reas das jornadas<\/a>. <a>Encontre o modelo do resumo no link abaixo:<\/a><\/p>\n\n\n\n<ul class=\"wp-block-list\">\n<li><a href=\"https:\/\/drive.google.com\/uc?export=download&amp;id=1WBut9M-0x-7HSITNtiwAE-C9Vbl4i24M\">Modelo de resumo<\/a><ins>.<\/ins><\/li>\n<\/ul>\n\n\n\n<p>Note que a comiss\u00e3o cient\u00edfica poder\u00e1 sugerir uma forma de apresenta\u00e7\u00e3o diferente da indicada pelo(s) autor(es) do trabalho no acto da submiss\u00e3o.<\/p>\n\n\n\n<p><a><strong>5.1.3.&nbsp;&nbsp;&nbsp;&nbsp;&nbsp; Resumo<\/strong><\/a><\/p>\n\n\n\n<p><a>O resumo deve ser um texto corrido, contendo entre 100 e 350 palavras. Deve incluir informa\u00e7\u00f5es relacionadas \u00e0 descri\u00e7\u00e3o clara e resumida do problema e os objectivos <em>(contextualiza\u00e7\u00e3o<\/em>); dados usados e sua forma de an\u00e1lise\/tratamento) <em>(material e m\u00e9todos<\/em>); o(s) resultado(s) e conclus\u00f5es mais importante(s) do trabalho.<\/a><\/p>\n\n\n\n<p><strong>Palavras-chave:<\/strong> O resumo deve incluir 3 a 5 palavras-chave.<\/p>\n\n\n\n<p>5.2 <strong>Tipo de comunica\u00e7\u00e3o<\/strong><\/p>\n\n\n\n<p><strong><a><strong>5.2.1.&nbsp;&nbsp;&nbsp;&nbsp;&nbsp; Comunica\u00e7\u00f5es Orais<\/strong><\/a><\/strong><\/p>\n\n\n\n<p>As comunica\u00e7\u00f5es orais ser\u00e3o feitas no modelo padr\u00e3o de <em>slides <\/em>que o ISUTC ir\u00e1 disponibilizar.<\/p>\n\n\n\n<p>A apresenta\u00e7\u00e3o dever\u00e1 ser feita por um dos autores e ter\u00e1 a dura\u00e7\u00e3o m\u00e1xima de 10 minutos e mais 5 minutos para discuss\u00e3o.<\/p>\n\n\n\n<p><a><strong>5.2.2.&nbsp;&nbsp;&nbsp;&nbsp;&nbsp; Posters<\/strong><\/a><\/p>\n\n\n\n<p>Os posters dever\u00e3o ser apresentados em formato f\u00edsico;<\/p>\n\n\n\n<p>A impress\u00e3o dos posters \u00e9 da responsabilidade dos investigadores.<\/p>\n\n\n\n<p><a><strong>6. PROCESSO DE SELEC\u00c7\u00c3O E AVALIA\u00c7\u00c3O<\/strong><\/a><\/p>\n\n\n\n<p>Os trabalhos submetidos para as III jornadas cient\u00edficas ser\u00e3o sujeitos \u00e0 avalia\u00e7\u00e3o e selec\u00e7\u00e3o pela Comiss\u00e3o Cient\u00edfica das Jornadas, cabendo a esta comiss\u00e3o informar os proponentes por <em>e-mail <\/em>ou outra via de comunica\u00e7\u00e3o, sobre a aceita\u00e7\u00e3o ou n\u00e3o dos seus trabalhos, at\u00e9 ao dia 29 de Agosto de 2025. A avalia\u00e7\u00e3o e a selec\u00e7\u00e3o ser\u00e1 feita tendo em considera\u00e7\u00e3o os seguintes aspectos:<\/p>\n\n\n\n<p><strong><em>Relev\u00e2ncia e inova\u00e7\u00e3o<\/em><\/strong><strong>: <\/strong>avaliar a import\u00e2ncia do trabalho na \u00e1rea espec\u00edfica, incluindo a actualidade e novidade;<\/p>\n\n\n\n<p><strong><em>Aplicabilidade<\/em><\/strong><strong>: <\/strong>avaliar o grau e a extens\u00e3o dos benef\u00edcios que podem ser alcan\u00e7ados com os resultados da pesquisa, sua aplicabilidade e escalabilidade;<\/p>\n\n\n\n<p><strong><em>Rigor cient\u00edfico<\/em><\/strong><strong>: <\/strong>avaliar a utiliza\u00e7\u00e3o correcta de metodologia, amostragem, an\u00e1lise e adequa\u00e7\u00e3o das conclus\u00f5es;<\/p>\n\n\n\n<p><strong><em>Clareza na abordagem da mat\u00e9ria<\/em><\/strong><strong>: <\/strong>avaliar a pertin\u00eancia, transpar\u00eancia e compreens\u00e3o do tema;<\/p>\n\n\n\n<p><strong><em>Escrita acad\u00e9mica<\/em>:<\/strong> avaliar a qualidade da redac\u00e7\u00e3o.<\/p>\n\n\n\n<p><a><strong>&nbsp;7. SELEC\u00c7\u00c3O DOS MELHORES TRABALHOS<\/strong><\/a><\/p>\n\n\n\n<p>Os trabalhos de estudantes ser\u00e3o classificados para efeitos de atribui\u00e7\u00e3o de m\u00e9rito, tendo em conta o seu enquadramento nos objectivos das jornadas e a observ\u00e2ncia dos crit\u00e9rios indicados acima.<\/p>\n\n\n\n<p>A avalia\u00e7\u00e3o dos trabalhos ser\u00e1 feita pela Comiss\u00e3o Cient\u00edfica das Jornadas, e incluir\u00e1 as seguintes categorias:<\/p>\n\n\n\n<ul class=\"wp-block-list\">\n<li>Melhor conte\u00fado cient\u00edfico;<\/li>\n<\/ul>\n\n\n\n<ul class=\"wp-block-list\">\n<li><em>Mel<\/em>hor apresenta\u00e7\u00e3o oral; e<\/li>\n<\/ul>\n\n\n\n<ul class=\"wp-block-list\">\n<li>Melhor trabalho Mulher-Investigadora.<\/li>\n<\/ul>\n\n\n\n<p>8. <strong>DATAS IMPORTANTES<\/strong><\/p>\n\n\n\n<figure class=\"wp-block-table\"><table><tbody><tr><td><strong>Actividade<\/strong><\/td><td><strong>Data<\/strong><\/td><\/tr><tr><td>Submiss\u00e3o de resumos<\/td><td>at\u00e9 <strong>22 de Agosto de 2025<\/strong><\/td><\/tr><tr><td>Divulga\u00e7\u00e3o dos trabalhos aceites<\/td><td>at\u00e9 29 de Agosto de 2024<\/td><\/tr><tr><td>Inscri\u00e7\u00f5es<\/td><td>at\u00e9 29 de Agosto de 2024<\/td><\/tr><tr><td>Realiza\u00e7\u00e3o das Jornadas Cient\u00edficas<\/td><td>11 de Setembro de 2024<\/td><\/tr><\/tbody><\/table><\/figure>\n","protected":false},"excerpt":{"rendered":"<p>Termos de Refer\u00eancia As Jornadas Cient\u00edficas (JC) constituem actividades desenvolvidas, anualmente, pelo pelo Instituto Superior de Transportes e Comunica\u00e7\u00f5es (ISUTC), no \u00e2mbito da realiza\u00e7\u00e3o e divulga\u00e7\u00e3o de investiga\u00e7\u00e3o cient\u00edfica realizada pela comunidade acad\u00e9mica do ISUTC, bem como por outras institui\u00e7\u00f5es nacionais de ensino e investiga\u00e7\u00e3o.&nbsp; As JCs consistem na apresenta\u00e7\u00e3o de trabalhos cient\u00edficos, sob a [&hellip;]<\/p>\n","protected":false},"author":17,"featured_media":0,"comment_status":"open","ping_status":"open","sticky":false,"template":"","format":"standard","meta":{"footnotes":""},"categories":[1],"tags":[],"class_list":["post-11780","post","type-post","status-publish","format-standard","hentry","category-uncategorized"],"yoast_head":"<!-- This site is optimized with the Yoast SEO plugin v26.9 - https:\/\/yoast.com\/product\/yoast-seo-wordpress\/ -->\n<title>III JORNADAS CIENT\u00cdFICAS 2025 - 11 de Setembro 2025 - ISUTC<\/title>\n<meta name=\"robots\" content=\"index, follow, max-snippet:-1, max-image-preview:large, max-video-preview:-1\" \/>\n<link rel=\"canonical\" href=\"https:\/\/www.isutc.ac.mz\/?p=11780\" \/>\n<meta property=\"og:locale\" content=\"pt_PT\" \/>\n<meta property=\"og:type\" content=\"article\" \/>\n<meta property=\"og:title\" content=\"III JORNADAS CIENT\u00cdFICAS 2025 - 11 de Setembro 2025 - ISUTC\" \/>\n<meta property=\"og:description\" content=\"Termos de Refer\u00eancia As Jornadas Cient\u00edficas (JC) constituem actividades desenvolvidas, anualmente, pelo pelo Instituto Superior de Transportes e Comunica\u00e7\u00f5es (ISUTC), no \u00e2mbito da realiza\u00e7\u00e3o e divulga\u00e7\u00e3o de investiga\u00e7\u00e3o cient\u00edfica realizada pela comunidade acad\u00e9mica do ISUTC, bem como por outras institui\u00e7\u00f5es nacionais de ensino e investiga\u00e7\u00e3o.&nbsp; As JCs consistem na apresenta\u00e7\u00e3o de trabalhos cient\u00edficos, sob a [&hellip;]\" \/>\n<meta property=\"og:url\" content=\"https:\/\/www.isutc.ac.mz\/?p=11780\" \/>\n<meta property=\"og:site_name\" content=\"ISUTC\" \/>\n<meta property=\"article:publisher\" content=\"https:\/\/pt-br.facebook.com\/isutc\" \/>\n<meta property=\"article:published_time\" content=\"2025-06-13T14:19:35+00:00\" \/>\n<meta property=\"article:modified_time\" content=\"2025-08-19T08:40:16+00:00\" \/>\n<meta name=\"author\" content=\"Francisca Chacha\" \/>\n<meta name=\"twitter:card\" content=\"summary_large_image\" \/>\n<meta name=\"twitter:label1\" content=\"Escrito por\" \/>\n\t<meta name=\"twitter:data1\" content=\"Francisca Chacha\" \/>\n\t<meta name=\"twitter:label2\" content=\"Tempo estimado de leitura\" \/>\n\t<meta name=\"twitter:data2\" content=\"6 minutos\" \/>\n<script type=\"application\/ld+json\" class=\"yoast-schema-graph\">{\"@context\":\"https:\/\/schema.org\",\"@graph\":[{\"@type\":\"Article\",\"@id\":\"https:\/\/www.isutc.ac.mz\/?p=11780#article\",\"isPartOf\":{\"@id\":\"https:\/\/www.isutc.ac.mz\/?p=11780\"},\"author\":{\"name\":\"Francisca Chacha\",\"@id\":\"https:\/\/www.isutc.ac.mz\/#\/schema\/person\/91dac55d0c4a61cc39a90540a2aa9205\"},\"headline\":\"III JORNADAS CIENT\u00cdFICAS 2025 &#8211; 11 de Setembro 2025\",\"datePublished\":\"2025-06-13T14:19:35+00:00\",\"dateModified\":\"2025-08-19T08:40:16+00:00\",\"mainEntityOfPage\":{\"@id\":\"https:\/\/www.isutc.ac.mz\/?p=11780\"},\"wordCount\":1192,\"commentCount\":0,\"publisher\":{\"@id\":\"https:\/\/www.isutc.ac.mz\/#organization\"},\"articleSection\":[\"Uncategorized\"],\"inLanguage\":\"pt-PT\",\"potentialAction\":[{\"@type\":\"CommentAction\",\"name\":\"Comment\",\"target\":[\"https:\/\/www.isutc.ac.mz\/?p=11780#respond\"]}]},{\"@type\":\"WebPage\",\"@id\":\"https:\/\/www.isutc.ac.mz\/?p=11780\",\"url\":\"https:\/\/www.isutc.ac.mz\/?p=11780\",\"name\":\"III JORNADAS CIENT\u00cdFICAS 2025 - 11 de Setembro 2025 - ISUTC\",\"isPartOf\":{\"@id\":\"https:\/\/www.isutc.ac.mz\/#website\"},\"datePublished\":\"2025-06-13T14:19:35+00:00\",\"dateModified\":\"2025-08-19T08:40:16+00:00\",\"breadcrumb\":{\"@id\":\"https:\/\/www.isutc.ac.mz\/?p=11780#breadcrumb\"},\"inLanguage\":\"pt-PT\",\"potentialAction\":[{\"@type\":\"ReadAction\",\"target\":[\"https:\/\/www.isutc.ac.mz\/?p=11780\"]}]},{\"@type\":\"BreadcrumbList\",\"@id\":\"https:\/\/www.isutc.ac.mz\/?p=11780#breadcrumb\",\"itemListElement\":[{\"@type\":\"ListItem\",\"position\":1,\"name\":\"Home\",\"item\":\"https:\/\/www.isutc.ac.mz\/\"},{\"@type\":\"ListItem\",\"position\":2,\"name\":\"III JORNADAS CIENT\u00cdFICAS 2025 &#8211; 11 de Setembro 2025\"}]},{\"@type\":\"WebSite\",\"@id\":\"https:\/\/www.isutc.ac.mz\/#website\",\"url\":\"https:\/\/www.isutc.ac.mz\/\",\"name\":\"ISUTC\",\"description\":\"Instituto Superior de Transportes e Comunica\u00e7\u00f5es\",\"publisher\":{\"@id\":\"https:\/\/www.isutc.ac.mz\/#organization\"},\"potentialAction\":[{\"@type\":\"SearchAction\",\"target\":{\"@type\":\"EntryPoint\",\"urlTemplate\":\"https:\/\/www.isutc.ac.mz\/?s={search_term_string}\"},\"query-input\":{\"@type\":\"PropertyValueSpecification\",\"valueRequired\":true,\"valueName\":\"search_term_string\"}}],\"inLanguage\":\"pt-PT\"},{\"@type\":\"Organization\",\"@id\":\"https:\/\/www.isutc.ac.mz\/#organization\",\"name\":\"instituto superior de transportes e comunica\u00e7\u00f5es\",\"url\":\"https:\/\/www.isutc.ac.mz\/\",\"logo\":{\"@type\":\"ImageObject\",\"inLanguage\":\"pt-PT\",\"@id\":\"https:\/\/www.isutc.ac.mz\/#\/schema\/logo\/image\/\",\"url\":\"https:\/\/www.isutc.ac.mz\/wp-content\/uploads\/2020\/08\/LOGO-20.png\",\"contentUrl\":\"https:\/\/www.isutc.ac.mz\/wp-content\/uploads\/2020\/08\/LOGO-20.png\",\"width\":390,\"height\":105,\"caption\":\"instituto superior de transportes e comunica\u00e7\u00f5es\"},\"image\":{\"@id\":\"https:\/\/www.isutc.ac.mz\/#\/schema\/logo\/image\/\"},\"sameAs\":[\"https:\/\/pt-br.facebook.com\/isutc\",\"https:\/\/www.instagram.com\/isutc.ac\/\"]},{\"@type\":\"Person\",\"@id\":\"https:\/\/www.isutc.ac.mz\/#\/schema\/person\/91dac55d0c4a61cc39a90540a2aa9205\",\"name\":\"Francisca Chacha\",\"image\":{\"@type\":\"ImageObject\",\"inLanguage\":\"pt-PT\",\"@id\":\"https:\/\/www.isutc.ac.mz\/#\/schema\/person\/image\/\",\"url\":\"https:\/\/secure.gravatar.com\/avatar\/1b22b2d08b8ef61c857aeaa08fac1cf21357b6ec7d91d342e408c93afe44a831?s=96&d=mm&r=g\",\"contentUrl\":\"https:\/\/secure.gravatar.com\/avatar\/1b22b2d08b8ef61c857aeaa08fac1cf21357b6ec7d91d342e408c93afe44a831?s=96&d=mm&r=g\",\"caption\":\"Francisca Chacha\"},\"url\":\"https:\/\/www.isutc.ac.mz\/?author=17\"}]}<\/script>\n<!-- \/ Yoast SEO plugin. -->","yoast_head_json":{"title":"III JORNADAS CIENT\u00cdFICAS 2025 - 11 de Setembro 2025 - ISUTC","robots":{"index":"index","follow":"follow","max-snippet":"max-snippet:-1","max-image-preview":"max-image-preview:large","max-video-preview":"max-video-preview:-1"},"canonical":"https:\/\/www.isutc.ac.mz\/?p=11780","og_locale":"pt_PT","og_type":"article","og_title":"III JORNADAS CIENT\u00cdFICAS 2025 - 11 de Setembro 2025 - ISUTC","og_description":"Termos de Refer\u00eancia As Jornadas Cient\u00edficas (JC) constituem actividades desenvolvidas, anualmente, pelo pelo Instituto Superior de Transportes e Comunica\u00e7\u00f5es (ISUTC), no \u00e2mbito da realiza\u00e7\u00e3o e divulga\u00e7\u00e3o de investiga\u00e7\u00e3o cient\u00edfica realizada pela comunidade acad\u00e9mica do ISUTC, bem como por outras institui\u00e7\u00f5es nacionais de ensino e investiga\u00e7\u00e3o.&nbsp; As JCs consistem na apresenta\u00e7\u00e3o de trabalhos cient\u00edficos, sob a [&hellip;]","og_url":"https:\/\/www.isutc.ac.mz\/?p=11780","og_site_name":"ISUTC","article_publisher":"https:\/\/pt-br.facebook.com\/isutc","article_published_time":"2025-06-13T14:19:35+00:00","article_modified_time":"2025-08-19T08:40:16+00:00","author":"Francisca Chacha","twitter_card":"summary_large_image","twitter_misc":{"Escrito por":"Francisca Chacha","Tempo estimado de leitura":"6 minutos"},"schema":{"@context":"https:\/\/schema.org","@graph":[{"@type":"Article","@id":"https:\/\/www.isutc.ac.mz\/?p=11780#article","isPartOf":{"@id":"https:\/\/www.isutc.ac.mz\/?p=11780"},"author":{"name":"Francisca Chacha","@id":"https:\/\/www.isutc.ac.mz\/#\/schema\/person\/91dac55d0c4a61cc39a90540a2aa9205"},"headline":"III JORNADAS CIENT\u00cdFICAS 2025 &#8211; 11 de Setembro 2025","datePublished":"2025-06-13T14:19:35+00:00","dateModified":"2025-08-19T08:40:16+00:00","mainEntityOfPage":{"@id":"https:\/\/www.isutc.ac.mz\/?p=11780"},"wordCount":1192,"commentCount":0,"publisher":{"@id":"https:\/\/www.isutc.ac.mz\/#organization"},"articleSection":["Uncategorized"],"inLanguage":"pt-PT","potentialAction":[{"@type":"CommentAction","name":"Comment","target":["https:\/\/www.isutc.ac.mz\/?p=11780#respond"]}]},{"@type":"WebPage","@id":"https:\/\/www.isutc.ac.mz\/?p=11780","url":"https:\/\/www.isutc.ac.mz\/?p=11780","name":"III JORNADAS CIENT\u00cdFICAS 2025 - 11 de Setembro 2025 - ISUTC","isPartOf":{"@id":"https:\/\/www.isutc.ac.mz\/#website"},"datePublished":"2025-06-13T14:19:35+00:00","dateModified":"2025-08-19T08:40:16+00:00","breadcrumb":{"@id":"https:\/\/www.isutc.ac.mz\/?p=11780#breadcrumb"},"inLanguage":"pt-PT","potentialAction":[{"@type":"ReadAction","target":["https:\/\/www.isutc.ac.mz\/?p=11780"]}]},{"@type":"BreadcrumbList","@id":"https:\/\/www.isutc.ac.mz\/?p=11780#breadcrumb","itemListElement":[{"@type":"ListItem","position":1,"name":"Home","item":"https:\/\/www.isutc.ac.mz\/"},{"@type":"ListItem","position":2,"name":"III JORNADAS CIENT\u00cdFICAS 2025 &#8211; 11 de Setembro 2025"}]},{"@type":"WebSite","@id":"https:\/\/www.isutc.ac.mz\/#website","url":"https:\/\/www.isutc.ac.mz\/","name":"ISUTC","description":"Instituto Superior de Transportes e Comunica\u00e7\u00f5es","publisher":{"@id":"https:\/\/www.isutc.ac.mz\/#organization"},"potentialAction":[{"@type":"SearchAction","target":{"@type":"EntryPoint","urlTemplate":"https:\/\/www.isutc.ac.mz\/?s={search_term_string}"},"query-input":{"@type":"PropertyValueSpecification","valueRequired":true,"valueName":"search_term_string"}}],"inLanguage":"pt-PT"},{"@type":"Organization","@id":"https:\/\/www.isutc.ac.mz\/#organization","name":"instituto superior de transportes e comunica\u00e7\u00f5es","url":"https:\/\/www.isutc.ac.mz\/","logo":{"@type":"ImageObject","inLanguage":"pt-PT","@id":"https:\/\/www.isutc.ac.mz\/#\/schema\/logo\/image\/","url":"https:\/\/www.isutc.ac.mz\/wp-content\/uploads\/2020\/08\/LOGO-20.png","contentUrl":"https:\/\/www.isutc.ac.mz\/wp-content\/uploads\/2020\/08\/LOGO-20.png","width":390,"height":105,"caption":"instituto superior de transportes e comunica\u00e7\u00f5es"},"image":{"@id":"https:\/\/www.isutc.ac.mz\/#\/schema\/logo\/image\/"},"sameAs":["https:\/\/pt-br.facebook.com\/isutc","https:\/\/www.instagram.com\/isutc.ac\/"]},{"@type":"Person","@id":"https:\/\/www.isutc.ac.mz\/#\/schema\/person\/91dac55d0c4a61cc39a90540a2aa9205","name":"Francisca Chacha","image":{"@type":"ImageObject","inLanguage":"pt-PT","@id":"https:\/\/www.isutc.ac.mz\/#\/schema\/person\/image\/","url":"https:\/\/secure.gravatar.com\/avatar\/1b22b2d08b8ef61c857aeaa08fac1cf21357b6ec7d91d342e408c93afe44a831?s=96&d=mm&r=g","contentUrl":"https:\/\/secure.gravatar.com\/avatar\/1b22b2d08b8ef61c857aeaa08fac1cf21357b6ec7d91d342e408c93afe44a831?s=96&d=mm&r=g","caption":"Francisca Chacha"},"url":"https:\/\/www.isutc.ac.mz\/?author=17"}]}},"_links":{"self":[{"href":"https:\/\/www.isutc.ac.mz\/index.php?rest_route=\/wp\/v2\/posts\/11780","targetHints":{"allow":["GET"]}}],"collection":[{"href":"https:\/\/www.isutc.ac.mz\/index.php?rest_route=\/wp\/v2\/posts"}],"about":[{"href":"https:\/\/www.isutc.ac.mz\/index.php?rest_route=\/wp\/v2\/types\/post"}],"author":[{"embeddable":true,"href":"https:\/\/www.isutc.ac.mz\/index.php?rest_route=\/wp\/v2\/users\/17"}],"replies":[{"embeddable":true,"href":"https:\/\/www.isutc.ac.mz\/index.php?rest_route=%2Fwp%2Fv2%2Fcomments&post=11780"}],"version-history":[{"count":17,"href":"https:\/\/www.isutc.ac.mz\/index.php?rest_route=\/wp\/v2\/posts\/11780\/revisions"}],"predecessor-version":[{"id":11995,"href":"https:\/\/www.isutc.ac.mz\/index.php?rest_route=\/wp\/v2\/posts\/11780\/revisions\/11995"}],"wp:attachment":[{"href":"https:\/\/www.isutc.ac.mz\/index.php?rest_route=%2Fwp%2Fv2%2Fmedia&parent=11780"}],"wp:term":[{"taxonomy":"category","embeddable":true,"href":"https:\/\/www.isutc.ac.mz\/index.php?rest_route=%2Fwp%2Fv2%2Fcategories&post=11780"},{"taxonomy":"post_tag","embeddable":true,"href":"https:\/\/www.isutc.ac.mz\/index.php?rest_route=%2Fwp%2Fv2%2Ftags&post=11780"}],"curies":[{"name":"wp","href":"https:\/\/api.w.org\/{rel}","templated":true}]}}