
{"id":11942,"date":"2025-07-29T16:34:05","date_gmt":"2025-07-29T16:34:05","guid":{"rendered":"https:\/\/www.isutc.ac.mz\/?p=11942"},"modified":"2025-07-29T16:41:04","modified_gmt":"2025-07-29T16:41:04","slug":"chamada-para-submissao-de-artigos","status":"publish","type":"post","link":"https:\/\/www.isutc.ac.mz\/?p=11942","title":{"rendered":"CHAMADA PARA SUBMISS\u00c3O DE ARTIGOS"},"content":{"rendered":"\n<ol class=\"wp-block-list\" type=\"1\">\n<li>&nbsp;<strong>Introdu\u00e7\u00e3o<\/strong><\/li>\n<\/ol>\n\n\n\n<p>Caro Investigador<\/p>\n\n\n\n<p>A ISU_RESEARCH \u00e9 uma Revista Cient\u00edfica do Instituto Superior de Transportes e Comunica\u00e7\u00f5es (ISUTC), anual e com revis\u00e3o de pares, vocacionada na publica\u00e7\u00e3o de investiga\u00e7\u00e3o cient\u00edfica nas \u00e1reas de Engenharias, Tecnologias, Gest\u00e3o, Economia e Finan\u00e7as, Educa\u00e7\u00e3o, Desenvolvimento Sustent\u00e1vel e G\u00eanero.<\/p>\n\n\n\n<p>Para divulga\u00e7\u00e3o dos seus trabalhos de investiga\u00e7\u00e3o, \u00e9 convidado a submeter seus artigos que poder\u00e3o ser publicados no terceiro volume da revista ISU-RESEARCH, cuja publica\u00e7\u00e3o ser\u00e1 feita em formato electr\u00f3nico (<em>online<\/em>) no site da revista. Pode visitar os artigos publicados no primeiro (<a href=\"https:\/\/www.isutc.ac.mz\/?p=10336\">https:\/\/www.isutc.ac.mz\/?p=10336<\/a>) e segundo (<a href=\"https:\/\/www.isutc.ac.mz\/?p=11598\">https:\/\/www.isutc.ac.mz\/?p=11598<\/a>) volumes da revista.<em> <\/em>As \u00e1reas de interesse e as respectivas linhas de investiga\u00e7\u00e3o cobertas pelo escopo da revista est\u00e3o apresentadas abaixo. <\/p>\n\n\n\n<h2 class=\"wp-block-heading\">1.1.&nbsp; \u00c1reas e Linhas de Investiga\u00e7\u00e3o<\/h2>\n\n\n\n<h2 class=\"has-small-font-size wp-block-heading\"><\/h2>\n\n\n\n<h2 class=\"has-small-font-size wp-block-heading\">1.1.1.\u00a0 <strong>Engenharia Ambiental<\/strong><\/h2>\n\n\n\n<h2 class=\"has-small-font-size wp-block-heading\">1. <strong>Descarboniza\u00e7\u00e3o e Economia Circular;<\/strong><\/h2>\n\n\n\n<h2 class=\"has-small-font-size wp-block-heading\">2. <strong>Gest\u00e3o, Tratamento e Valoriza\u00e7\u00e3o de Res\u00edduos;<\/strong><\/h2>\n\n\n\n<h2 class=\"has-small-font-size wp-block-heading\">3. <strong>\u00c1gua e Saneamento do Meio;<\/strong><\/h2>\n\n\n\n<h2 class=\"has-small-font-size wp-block-heading\">4. <strong>Aplica\u00e7\u00e3o de Ferramentas de Modela\u00e7\u00e3o Num\u00e9rica no Estudo de Sistemas Ambientais;<\/strong><\/h2>\n\n\n\n<h2 class=\"has-small-font-size wp-block-heading\">4<strong>. Ecologia e biodiversidade;<\/strong><\/h2>\n\n\n\n<h2 class=\"has-small-font-size wp-block-heading\">5<strong>. Polui\u00e7\u00e3o; e<\/strong><\/h2>\n\n\n\n<h2 class=\"has-small-font-size wp-block-heading\"><strong>6. Impacto ambiental (de infraestruturas, projectos, etc).<\/strong><\/h2>\n\n\n\n<h2 class=\"wp-block-heading\">1.2.2.&nbsp;&nbsp;&nbsp; Engenharia Civil e de Transportes<\/h2>\n\n\n\n<p>1. Materiais e tecnologias de constru\u00e7\u00e3o;<\/p>\n\n\n\n<p>2. Sustentabilidade na constru\u00e7\u00e3o civil (aqui \u00e9 abordada a quest\u00e3o ambiental e econ\u00f3mica);<\/p>\n\n\n\n<p>3. Higiene, sa\u00fade e seguran\u00e7a no trabalho;<\/p>\n\n\n\n<p>4. Gest\u00e3o da constru\u00e7\u00e3o e BIM (<em>Building Information Modeling<\/em>);<\/p>\n\n\n\n<p>5. Pavimenta\u00e7\u00e3o vi\u00e1ria;<\/p>\n\n\n\n<p>6. Manuten\u00e7\u00e3o de vias de comunica\u00e7\u00e3o;<\/p>\n\n\n\n<p>7. Altera\u00e7\u00f5es clim\u00e1ticas e seus impactos nas infraestruturas;<\/p>\n\n\n\n<p>8. Drenagem;<\/p>\n\n\n\n<p>9. Barragens e abastecimento de \u00e1gua;<\/p>\n\n\n\n<p>10. Pontes;<\/p>\n\n\n\n<p>11. Planeamento e gest\u00e3o de transportes;<\/p>\n\n\n\n<p>12. Mobilidade urbana;<\/p>\n\n\n\n<p>13. Seguran\u00e7a rodovi\u00e1ria;<\/p>\n\n\n\n<p>14. Log\u00edstica; e<\/p>\n\n\n\n<p>15. Ensino de engenharia (presencial e&nbsp;<em>e-learning<\/em>).<\/p>\n\n\n\n<ol class=\"wp-block-list\" type=\"1\">\n<li><strong>Engenharia Electr\u00f3nica e de Telecomunica\u00e7\u00f5es<\/strong><\/li>\n<\/ol>\n\n\n\n<p>1. Controlo&nbsp;e Automa\u00e7\u00e3o de sistemas;<\/p>\n\n\n\n<p>2. Sistemas inteligentes;<\/p>\n\n\n\n<p>3. Sistemas Distribu\u00eddos e Redes de Computadores;<\/p>\n\n\n\n<p>4. Sistemas de Comunica\u00e7\u00e3o e Sinais; e<\/p>\n\n\n\n<p>5. Integra\u00e7\u00e3o de Sistemas Electr\u00f3nicos.<\/p>\n\n\n\n<h2 class=\"wp-block-heading\">1.2.4.&nbsp;&nbsp;&nbsp; Engenharia Electrot\u00e9cnica<\/h2>\n\n\n\n<p>1. Integra\u00e7\u00e3o das Fontes de Energia Renov\u00e1vel na Matriz Energ\u00e9tica;<\/p>\n\n\n\n<p>2. Tecnologias de Convers\u00e3o de Energia e Optimiza\u00e7\u00e3o de Efici\u00eancia;<\/p>\n\n\n\n<p>3. Tecnologias de Monitoramento e Controle de Redes El\u00e9ctricas;<\/p>\n\n\n\n<p>4. Tecnologias Inovadoras para o Desenvolvimento de infraestrutura Energ\u00e9tica Sustent\u00e1vel;<\/p>\n\n\n\n<p>5. Pol\u00edticas Energ\u00e9ticas e Sustentabilidade Ambiental; e<\/p>\n\n\n\n<p>6. Protectores de Sistemas de Pot\u00eancia e Dispositivos de Automa\u00e7\u00e3o.<\/p>\n\n\n\n<h2 class=\"wp-block-heading\">1.2.5.&nbsp;&nbsp;&nbsp; Engenharia Electromec\u00e2nica<\/h2>\n\n\n\n<p>1. Projecto de M\u00e1quinas e Ferramentas (Modelagem e Simula\u00e7\u00e3o);<\/p>\n\n\n\n<p>2. Sistemas de Energia e Efici\u00eancia Energ\u00e9tica (Energia Renov\u00e1vel, Efici\u00eancia Energ\u00e9tica, Armazenamento de Energia);<\/p>\n\n\n\n<p>3. Automa\u00e7\u00e3o e Controle (Rob\u00f3tica, Sistemas Embarcados, Controle de Processos); e<\/p>\n\n\n\n<p>4. Manufactura Avan\u00e7ada (Impress\u00e3o 3D, Manuten\u00e7\u00e3o Preditiva).<\/p>\n\n\n\n<h2 class=\"wp-block-heading\">1.2.6.&nbsp;&nbsp;&nbsp; Engenharia Mec\u00e2nica e de Transportes<\/h2>\n\n\n\n<p>1. Projecto de M\u00e1quinas e Ferramentas;<\/p>\n\n\n\n<p>2. Manuten\u00e7\u00e3o de Industrial;<\/p>\n\n\n\n<p>3. Gest\u00e3o de Produ\u00e7\u00e3o Industrial;<\/p>\n\n\n\n<p>4. Fluidos e Energia; e<\/p>\n\n\n\n<p>5. Transportes e Log\u00edstica.<\/p>\n\n\n\n<h2 class=\"wp-block-heading\">1.2.7.&nbsp;&nbsp;&nbsp; Engenharia e Ci\u00eancias Computacionais<\/h2>\n\n\n\n<p>1. Sistemas de informa\u00e7\u00e3o nas organiza\u00e7\u00f5es, baseados nos processos de colecta, transmiss\u00e3o, armazenamento, processamento, conserva\u00e7\u00e3o e apresenta\u00e7\u00e3o da informa\u00e7\u00e3o; e<\/p>\n\n\n\n<p>2. Estudo e aplica\u00e7\u00e3o da Intelig\u00eancia Artificial a problemas espec\u00edficos.<\/p>\n\n\n\n<h2 class=\"wp-block-heading\">1.2.8.&nbsp;&nbsp;&nbsp; Engenharia Inform\u00e1tica e de Telecomunica\u00e7\u00f5es<\/h2>\n\n\n\n<p>1. Seguran\u00e7a da Informa\u00e7\u00e3o;<\/p>\n\n\n\n<p>2. Sistemas de Informa\u00e7\u00e3o;<\/p>\n\n\n\n<p>3. Qualidade de Servi\u00e7os;<\/p>\n\n\n\n<p>4. Sistemas de Ensino Auto-Aprendizagem; e<\/p>\n\n\n\n<p>5. Redes.<\/p>\n\n\n\n<h2 class=\"wp-block-heading\">1.2.9.&nbsp;&nbsp;&nbsp; Gest\u00e3o e Finan\u00e7as<\/h2>\n\n\n\n<p>1. Estrat\u00e9gia em Organiza\u00e7\u00f5es;<\/p>\n\n\n\n<p>2. Gest\u00e3o de Pessoas e Comportamento Organizacional; e<\/p>\n\n\n\n<p>3. Economia e Finan\u00e7as.<\/p>\n\n\n\n<ol class=\"wp-block-list\" type=\"1\">\n<li><strong>Contabilidade e Auditoria<\/strong><\/li>\n<\/ol>\n\n\n\n<p>1. Contabilidade Financeira;<\/p>\n\n\n\n<p>2. Contabilidade e Mercado Financeiro; e<\/p>\n\n\n\n<p>3. Contabilidade para Tomada de Decis\u00e3o.<\/p>\n\n\n\n<ol class=\"wp-block-list\" type=\"1\">\n<li><strong>Gest<\/strong><strong>\u00e3o Banc\u00e1ria e de Seguros<\/strong><\/li>\n<\/ol>\n\n\n\n<p>1. Forma\u00e7\u00e3o em Gest\u00e3o Banc\u00e1ria.<\/p>\n\n\n\n<p>2. Produtos de capta\u00e7\u00e3o de fundos;&nbsp;<\/p>\n\n\n\n<p>3. Produtos de aplica\u00e7\u00e3o de fundos;<\/p>\n\n\n\n<p>4. Meios de movimenta\u00e7\u00e3o das contas; e<\/p>\n\n\n\n<p>5. Produtos e servi\u00e7os de Seguros.<\/p>\n\n\n\n<ol class=\"wp-block-list\" type=\"1\">\n<li><strong>Ci\u00eancias Naturais, Matem\u00e1tica e Estat\u00edstica<\/strong><\/li>\n<\/ol>\n\n\n\n<p>1. Desenvolvimento de Recursos Educacionais e Tecnologias para Ensino Multidisciplinar;<\/p>\n\n\n\n<p>2. Desenvolvimento de materiais electr\u00f3nicos para laborat\u00f3rios de F\u00edsica e Qu\u00edmica;<\/p>\n\n\n\n<p>3. Constru\u00e7\u00e3o de material para o laborat\u00f3rio formal para simula\u00e7\u00e3o nas engenharias;<\/p>\n\n\n\n<p>4. Estudos Interdisciplinares em Comunica\u00e7\u00e3o Cient\u00edfica e T\u00e9cnica;<\/p>\n\n\n\n<p>5. Estudos de G\u00e9nero e Diversidade no Ensino de Ci\u00eancias e Tecnologias;<\/p>\n\n\n\n<p>6. Simula\u00e7\u00e3o Computacional e Modelagem Matem\u00e1tica;<\/p>\n\n\n\n<p>7. Implementa\u00e7\u00e3o de pacotes de an\u00e1lise estat\u00edstica para ensino e investiga\u00e7\u00e3o;<\/p>\n\n\n\n<p>8. Inova\u00e7\u00e3o no Ensino de Ci\u00eancias Naturais e Exactas.<\/p>\n\n\n\n<h1 class=\"wp-block-heading\">1.3.&nbsp;&nbsp;&nbsp;&nbsp;&nbsp; Processo de Submiss\u00e3o<\/h1>\n\n\n\n<p>Para submiss\u00e3o de artigos, os autores dever\u00e3o usar o formato modelo<em> <\/em>da Revista \u201cISU-RESEARCH\u201d com guia para a concep\u00e7\u00e3o e formata\u00e7\u00e3o (condi\u00e7\u00e3o inicial para a sua revis\u00e3o), enviando para o e- mail: <a href=\"mailto:jornadas.cientificas@isutc.ac.mz.\"><em>jornadas.cientificas@isutc.ac.mz.<\/em><\/a><em><\/em><\/p>\n\n\n\n<p>As directrizes da revista est\u00e3o na sec\u00e7\u00e3o II. O formato modelo da revista est\u00e1 dispon\u00edvel no link abaixo:<\/p>\n\n\n\n<ul class=\"wp-block-list\">\n<li><a href=\"https:\/\/drive.google.com\/uc?export=download&amp;id=1ulF_Andz9BSTw2MlGzL82yfJAOZIU_uH\">Fomato modelo<\/a>.\n<ul class=\"wp-block-list\">\n<li><strong>Datas Importantes<\/strong><ul><li><strong>Prazo para a submiss\u00e3o<\/strong>: 10 de Outubro de 2025<\/li><\/ul>\n<ul class=\"wp-block-list\">\n<li><strong>Data prevista de publica\u00e7\u00e3o do volume<\/strong>: 14 de Novembro 2025<\/li>\n<\/ul>\n<\/li>\n<\/ul>\n<\/li>\n<\/ul>\n\n\n\n<p>Maputo, 07 de Julho de 2025<\/p>\n\n\n\n<p>A Comiss\u00e3o Editorial<br><\/p>\n\n\n\n<ol class=\"wp-block-list\" type=\"I\">\n<li><strong>GUIA DE FORMATA\u00c7\u00c3O: INSTRU\u00c7\u00d5ES PARA OS AUTORES<\/strong><\/li>\n<\/ol>\n\n\n\n<ul class=\"wp-block-list\">\n<li><strong>Formata\u00e7\u00e3o geral do artigo<\/strong><\/li>\n<\/ul>\n\n\n\n<p>Use o tamanho de papel A4 (21&#215;29,7 cm). Todo o material impresso, incluindo textos, ilustra\u00e7\u00f5es e gr\u00e1ficos, dever\u00e1 ser mantido numa \u00e1rea de impress\u00e3o de 17,6 cm de largura e 25,5 cm de altura. As margens superior e inferior t\u00eam 1,5 cm e 2,7 cm, respectivamente, e as margens esquerda e direita t\u00eam 1,7 cm. N\u00e3o escreva ou imprima fora da \u00e1rea de impress\u00e3o. Todo o texto deve estar no formato de duas colunas. As colunas dever\u00e3o ter 8,5 cm de largura, com espa\u00e7o de 0,6 cm entre elas. O texto deve ser totalmente justificado.<\/p>\n\n\n\n<p>Recomendamos que o artigo tenha um n\u00famero m\u00e1ximo de 12 p\u00e1ginas.<\/p>\n\n\n\n<ul class=\"wp-block-list\">\n<li><strong>Resumo<\/strong><\/li>\n<\/ul>\n\n\n\n<p>O resumo deve apresentar uma s\u00edntese concisa de todo o trabalho. O resumo n\u00e3o deve ter mais de 300 palavras e deve conter os seguintes elementos: contexto\/introdu\u00e7\u00e3o, objectivo(s), metodologia, resultados e conclus\u00f5es.<\/p>\n\n\n\n<p>\u00c9 importante que o resumo transmita a import\u00e2ncia do trabalho e seja compreens\u00edvel para um p\u00fablico multidisciplinar. O resumo n\u00e3o deve conter cita\u00e7\u00f5es\/refer\u00eancias de outros trabalhos.<\/p>\n\n\n\n<p><strong><em>Palavras-chave:<\/em><\/strong> Devem ser fornecidas entre 2 e 5 palavras-chave que descrevam o seu trabalho.<\/p>\n\n\n\n<ul class=\"wp-block-list\">\n<li><strong>T\u00edtulo do artigo (t\u00edtulo principal)<\/strong><\/li>\n<\/ul>\n\n\n\n<p>O t\u00edtulo principal (na primeira p\u00e1gina) deve come\u00e7ar a 1,7 cm da borda superior da p\u00e1gina (margem de 1,5 cm mais 0,2 cm de espa\u00e7o adicional), centralizado e em fonte Times 16 pontos, em negrito. O t\u00edtulo principal abrange ambas as colunas. Coloque em mai\u00fascula a primeira letra de substantivos, pronomes, verbos, adjetivos e adv\u00e9rbios; n\u00e3o coloque artigos em mai\u00fascula, conjun\u00e7\u00f5es coordenadas ou preposi\u00e7\u00f5es. O t\u00edtulo do artigo deve conter no m\u00e1ximo 15 palavras.<\/p>\n\n\n\n<ul class=\"wp-block-list\">\n<li><strong>Nome(s) do autor e afilia\u00e7\u00e3o(\u00f5es)<\/strong><\/li>\n<\/ul>\n\n\n\n<p>Os nomes dos autores dever\u00e3o ser centralizados 1,1 cm abaixo do t\u00edtulo e impressos em fonte Times 12, sem negrito. Os nomes dos co-autores devem estar em letras mai\u00fasculas. As afilia\u00e7\u00f5es est\u00e3o centralizadas abaixo do nome de cada autor, em Times 10, sem negrito. Incluir endere\u00e7os de e-mail. Acompanhar as informa\u00e7\u00f5es do autor 0,9 cm antes do texto principal.<\/p>\n\n\n\n<ul class=\"wp-block-list\">\n<li><strong>Tipo de estilo e fontes<\/strong><\/li>\n<\/ul>\n\n\n\n<p>Sempre que Times for especificado, Times Roman ou New Times Roman podem ser usados. Se nenhum deles estiver dispon\u00edvel em seu processador de texto, use a fonte mais pr\u00f3xima do Times \u00e0 qual voc\u00ea tem acesso. Evite usar fontes mapeadas em bits, se poss\u00edvel. Fontes True-Type 1 s\u00e3o preferidas.<\/p>\n\n\n\n<ul class=\"wp-block-list\">\n<li><strong>Texto<\/strong><\/li>\n<\/ul>\n\n\n\n<p>Digite seu texto principal em Times 10, espa\u00e7o simples. N\u00e3o use espa\u00e7amento duplo. Todos os par\u00e1grafos devem ter recuo de 1 pica (12 pontos ou 0,422 cm). Certifique-se de que seu texto esteja totalmente justificado &#8211; ou seja, alinhado \u00e0 esquerda e \u00e0 direita. Por favor, n\u00e3o coloque linhas em branco adicionais entre os par\u00e1grafos.<\/p>\n\n\n\n<ul class=\"wp-block-list\">\n<li><strong>Figuras e Tabelas<\/strong><\/li>\n<\/ul>\n\n\n\n<p><a>Posicione figuras e tabelas preferencialmente no topo ou na parte inferior das colunas. Evite coloc\u00e1-los no meio das colunas (veja o exemplo no formato modelo). Figuras e tabelas grandes podem abranger ambas as colunas. As legendas das figuras dever\u00e3o ficar abaixo das figuras; as legendas das tabelas devem estar acima das tabelas. Se poss\u00edvel, evite colocar figuras e tabelas antes da sua primeira men\u00e7\u00e3o no texto. Use a palavra \u201cFigura X\u201d, para descrever a legenda de uma determinada figura, e tamb\u00e9m para fazer a sua men\u00e7\u00e3o\/refer\u00eancia ao longo do texto. Os r\u00f3tulos dos eixos das figuras costumam ser uma fonte de confus\u00e3o. Tente usar palavras em vez de s\u00edmbolos. Por exemplo, escreva a quantidade \u201cCorrente de drenagem\u201d ou \u201cCorrente de drenagem, I\u201d, n\u00e3o apenas \u201cI\u201d. Coloque as unidades entre par\u00eanteses. N\u00e3o rotule os eixos apenas com as unidades. No exemplo, escreva \u201cDensidade de corrente (A\/cm2)\u201d ou \u201cDensidade de corrente (A.cm-2)\u201d, n\u00e3o apenas st \u201cA\/cm2.\u201d N\u00e3o rotule os eixos com uma propor\u00e7\u00e3o de quantidades e unidades. Por exemplo, escreva \u201cTemperatura (K)\u201d e n\u00e3o \u201cTemperatura\/K\u201d.<\/a><\/p>\n\n\n\n<p>Todos os gr\u00e1ficos devem estar centralizados. Sua arte deve estar no artigo, de prefer\u00eancia impressa como parte do texto, em vez de colada. Caso seja necess\u00e1rio utilizar fotos, elas dever\u00e3o ser digitalizadas ou em formato electr\u00f3nico (m\u00e1ximo 300dpi).<\/p>\n\n\n\n<ul class=\"wp-block-list\">\n<li><strong>Notas de Rodap\u00e9<\/strong><\/li>\n<\/ul>\n\n\n\n<p>Numere as notas de rodap\u00e9 separadamente em sobrescrito (alto 1), em fonte Times 8, espa\u00e7amento simples. Coloque a nota de rodap\u00e9 real na parte inferior da coluna em que \u00e9 citada. N\u00e3o coloque notas de rodap\u00e9 na lista de refer\u00eancias. Use letras para notas de rodap\u00e9 de tabela.<\/p>\n\n\n\n<p>Equa\u00e7\u00f5es, ilustra\u00e7\u00f5es, gr\u00e1ficos e fotografias devem ser enumerados sequencialmente. Por favor, insira a numera\u00e7\u00e3o correcta da equa\u00e7\u00e3o.<\/p>\n\n\n\n<ul class=\"wp-block-list\">\n<li><strong>Abrevia\u00e7\u00f5es e Acr\u00f3nimos<\/strong><\/li>\n<\/ul>\n\n\n\n<p>Definir abreviaturas e siglas pela primeira vez que forem utilizadas no texto, mesmo depois de definidas no resumo. Abrevia\u00e7\u00f5es como IEEE, SI, MKS, CGS, ac, dc e rms n\u00e3o precisam ser definidas. N\u00e3o use abreviaturas no t\u00edtulo, a menos que sejam inevit\u00e1veis.<\/p>\n\n\n\n<ul class=\"wp-block-list\">\n<li><strong>Equa\u00e7\u00f5es<\/strong><\/li>\n<\/ul>\n\n\n\n<p>Numere as equa\u00e7\u00f5es consecutivamente com os n\u00fameros das equa\u00e7\u00f5es entre par\u00eanteses alinhados com a margem direita, como em (1). Para tornar suas equa\u00e7\u00f5es mais compactas, voc\u00ea pode usar a barra (\/), a fun\u00e7\u00e3o \u201cexp.\u201d ou expoentes apropriados. Coloque s\u00edmbolos romanos em it\u00e1lico para quantidades e vari\u00e1veis, mas n\u00e3o s\u00edmbolos gregos. Use um travess\u00e3o longo em vez de um h\u00edfen para o sinal de menos. Use par\u00eanteses para evitar ambiguidades no denominador. Pontue equa\u00e7\u00f5es com v\u00edrgulas ou pontos quando fizerem parte de uma frase, como segue o exemplo.<\/p>\n\n\n\n<p><em>y = mx + q<\/em><strong>&nbsp;&nbsp;&nbsp;&nbsp;&nbsp;&nbsp;&nbsp;&nbsp;&nbsp;&nbsp;&nbsp;&nbsp;&nbsp;&nbsp;&nbsp;&nbsp;&nbsp;&nbsp;&nbsp;&nbsp;&nbsp;&nbsp;&nbsp;&nbsp;&nbsp;&nbsp;&nbsp;&nbsp;&nbsp;&nbsp;&nbsp;&nbsp;&nbsp;&nbsp;&nbsp;&nbsp;&nbsp;&nbsp;&nbsp;&nbsp;&nbsp;&nbsp;&nbsp;&nbsp;&nbsp;&nbsp;&nbsp;&nbsp;&nbsp;&nbsp;&nbsp;&nbsp;&nbsp;&nbsp;&nbsp;&nbsp;&nbsp;&nbsp;&nbsp;&nbsp;&nbsp;&nbsp;&nbsp;&nbsp;&nbsp;&nbsp;&nbsp;&nbsp;&nbsp;&nbsp;&nbsp;&nbsp;&nbsp;&nbsp;&nbsp;&nbsp;&nbsp;&nbsp;&nbsp;&nbsp;&nbsp;&nbsp;&nbsp;&nbsp;&nbsp;&nbsp;&nbsp;&nbsp;&nbsp;&nbsp;&nbsp;&nbsp;&nbsp;&nbsp;&nbsp;&nbsp;&nbsp;&nbsp;&nbsp;&nbsp;&nbsp;&nbsp;&nbsp;&nbsp;&nbsp;&nbsp;&nbsp;&nbsp;&nbsp;&nbsp;&nbsp;&nbsp;&nbsp;&nbsp;&nbsp;&nbsp;&nbsp;&nbsp;&nbsp;&nbsp;&nbsp;&nbsp;&nbsp;&nbsp;&nbsp;&nbsp; &nbsp;&nbsp;&nbsp;&nbsp;&nbsp;&nbsp;&nbsp;&nbsp;&nbsp;&nbsp;&nbsp;&nbsp;&nbsp;&nbsp;(1)<\/strong><\/p>\n\n\n\n<p>Certifique-se de que os s\u00edmbolos na sua equa\u00e7\u00e3o tenham sido definidos antes da equa\u00e7\u00e3o aparecer ou imediatamente ap\u00f3s.<\/p>\n\n\n\n<ul class=\"wp-block-list\">\n<li><strong>T\u00edtulos\/Cabe\u00e7alhos<\/strong><\/li>\n<\/ul>\n\n\n\n<p>T\u00edtulos de primeira ordem, por exemplo, \u201cI. Introdu\u00e7\u00e3o\u201d, deve se digitar em Times 10, negrito, inicialmente mai\u00fasculo, centralizado, com 0,4 cm (12 pt) antes e 0,3 cm (9 pt) depois. Use um ponto (\u201c.\u201d) ap\u00f3s o n\u00famero do t\u00edtulo, n\u00e3o dois pontos. Os t\u00edtulos de segunda ordem devem ser Times 10 pontos it\u00e1lico, inicialmente mai\u00fasculos, alinhados \u00e0 esquerda, com 0,3 cm (9 pt) antes e 0,2 cm (6 pt) depois. N\u00e3o use t\u00edtulos de terceira ordem.<\/p>\n\n\n\n<ul class=\"wp-block-list\">\n<li><strong>Cita\u00e7\u00f5es e Refer\u00eancias<\/strong><\/li>\n<\/ul>\n\n\n\n<p>A elabora\u00e7\u00e3o dos artigos\/manuscritos deve ser alicer\u00e7ada em fontes relevantes e actualizadas, prioritariamente, revistas por pares, e estas devem devidamente estar reconhecidas, tanto atrav\u00e9s das cita\u00e7\u00f5es ao longo do texto quanto nas listas de refer\u00eancias no final do artigo\/manuscrito. A referencia\u00e7\u00e3o da fontes usadas na elabora\u00e7\u00e3o do artigo s\u00e3o importantes para o leitor; portanto, as fontes ser citadas e referenciadas de forma completa e correcta. Se poss\u00edvel, as refer\u00eancias devem ser publica\u00e7\u00f5es comumente dispon\u00edveis.<\/p>\n\n\n\n<p>As cita\u00e7\u00f5es ao longo do texto assim como a listagem de suas refer\u00eancias devem ser feitas seguindo a formata\u00e7\u00e3o da norma APA, 7a edi\u00e7\u00e3o. Liste, em ordem alfab\u00e9tica, todas as refer\u00eancias bibliogr\u00e1ficas em fonte Times 8, espa\u00e7o simples, no final do trabalho. Uma descri\u00e7\u00e3o mais completa pode ser encontrada em <a href=\"https:\/\/apastyle.apa.org\/style-grammar-guidelines\/references\/examples\">https:\/\/apastyle.apa.org\/style-grammar-guidelines\/references\/examples<\/a>.<\/p>\n\n\n\n<p><strong>Alguns cuidados:<\/strong><\/p>\n\n\n\n<ul class=\"wp-block-list\">\n<li>A cita\u00e7\u00e3o de fontes n\u00e3o acad\u00e9micas e n\u00e3o revista por pares (por exemplo, blogs, conte\u00fado de websites n\u00e3o oficiais e outros), assim com fontes an\u00f3nimas, deve ser evitada ou mantida ao m\u00ednimo poss\u00edvel;<\/li>\n\n\n\n<li>Os autores devem evitar citar conte\u00fado que n\u00e3o est\u00e1 directamente relevante ao assunto\/\u00e2mbito do artigo;<\/li>\n\n\n\n<li>Evitar usar um elevado n\u00famero de cita\u00e7\u00f5es dos mesmos autores ou fontes;<\/li>\n\n\n\n<li>Os autores devem garantir que as refer\u00eancias fornecidas s\u00e3o exactas e que os links associados a elas s\u00e3o acess\u00edveis;<\/li>\n\n\n\n<li>Os autores devem garantir que as cita\u00e7\u00f5es\/refer\u00eancias respeitam as normas em vig\u00eancia estilos na revista, indicada abaixo.<\/li>\n<\/ul>\n","protected":false},"excerpt":{"rendered":"<p>Caro Investigador A ISU_RESEARCH \u00e9 uma Revista Cient\u00edfica do Instituto Superior de Transportes e Comunica\u00e7\u00f5es (ISUTC), anual e com revis\u00e3o de pares, vocacionada na publica\u00e7\u00e3o de investiga\u00e7\u00e3o cient\u00edfica nas \u00e1reas de Engenharias, Tecnologias, Gest\u00e3o, Economia e Finan\u00e7as, Educa\u00e7\u00e3o, Desenvolvimento Sustent\u00e1vel e G\u00eanero. Para divulga\u00e7\u00e3o dos seus trabalhos de investiga\u00e7\u00e3o, \u00e9 convidado a submeter seus artigos [&hellip;]<\/p>\n","protected":false},"author":17,"featured_media":0,"comment_status":"open","ping_status":"open","sticky":false,"template":"","format":"standard","meta":{"footnotes":""},"categories":[1],"tags":[],"class_list":["post-11942","post","type-post","status-publish","format-standard","hentry","category-uncategorized"],"yoast_head":"<!-- This site is optimized with the Yoast SEO plugin v26.9 - https:\/\/yoast.com\/product\/yoast-seo-wordpress\/ -->\n<title>CHAMADA PARA SUBMISS\u00c3O DE ARTIGOS - ISUTC<\/title>\n<meta name=\"robots\" content=\"index, follow, max-snippet:-1, max-image-preview:large, max-video-preview:-1\" \/>\n<link rel=\"canonical\" href=\"https:\/\/www.isutc.ac.mz\/?p=11942\" \/>\n<meta property=\"og:locale\" content=\"pt_PT\" \/>\n<meta property=\"og:type\" content=\"article\" \/>\n<meta property=\"og:title\" content=\"CHAMADA PARA SUBMISS\u00c3O DE ARTIGOS - ISUTC\" \/>\n<meta property=\"og:description\" content=\"Caro Investigador A ISU_RESEARCH \u00e9 uma Revista Cient\u00edfica do Instituto Superior de Transportes e Comunica\u00e7\u00f5es (ISUTC), anual e com revis\u00e3o de pares, vocacionada na publica\u00e7\u00e3o de investiga\u00e7\u00e3o cient\u00edfica nas \u00e1reas de Engenharias, Tecnologias, Gest\u00e3o, Economia e Finan\u00e7as, Educa\u00e7\u00e3o, Desenvolvimento Sustent\u00e1vel e G\u00eanero. Para divulga\u00e7\u00e3o dos seus trabalhos de investiga\u00e7\u00e3o, \u00e9 convidado a submeter seus artigos [&hellip;]\" \/>\n<meta property=\"og:url\" content=\"https:\/\/www.isutc.ac.mz\/?p=11942\" \/>\n<meta property=\"og:site_name\" content=\"ISUTC\" \/>\n<meta property=\"article:publisher\" content=\"https:\/\/pt-br.facebook.com\/isutc\" \/>\n<meta property=\"article:published_time\" content=\"2025-07-29T16:34:05+00:00\" \/>\n<meta property=\"article:modified_time\" content=\"2025-07-29T16:41:04+00:00\" \/>\n<meta name=\"author\" content=\"Francisca Chacha\" \/>\n<meta name=\"twitter:card\" content=\"summary_large_image\" \/>\n<meta name=\"twitter:label1\" content=\"Escrito por\" \/>\n\t<meta name=\"twitter:data1\" content=\"Francisca Chacha\" \/>\n\t<meta name=\"twitter:label2\" content=\"Tempo estimado de leitura\" \/>\n\t<meta name=\"twitter:data2\" content=\"12 minutos\" \/>\n<script type=\"application\/ld+json\" class=\"yoast-schema-graph\">{\"@context\":\"https:\/\/schema.org\",\"@graph\":[{\"@type\":\"Article\",\"@id\":\"https:\/\/www.isutc.ac.mz\/?p=11942#article\",\"isPartOf\":{\"@id\":\"https:\/\/www.isutc.ac.mz\/?p=11942\"},\"author\":{\"name\":\"Francisca Chacha\",\"@id\":\"https:\/\/www.isutc.ac.mz\/#\/schema\/person\/91dac55d0c4a61cc39a90540a2aa9205\"},\"headline\":\"CHAMADA PARA SUBMISS\u00c3O DE ARTIGOS\",\"datePublished\":\"2025-07-29T16:34:05+00:00\",\"dateModified\":\"2025-07-29T16:41:04+00:00\",\"mainEntityOfPage\":{\"@id\":\"https:\/\/www.isutc.ac.mz\/?p=11942\"},\"wordCount\":2314,\"commentCount\":0,\"publisher\":{\"@id\":\"https:\/\/www.isutc.ac.mz\/#organization\"},\"articleSection\":[\"Uncategorized\"],\"inLanguage\":\"pt-PT\",\"potentialAction\":[{\"@type\":\"CommentAction\",\"name\":\"Comment\",\"target\":[\"https:\/\/www.isutc.ac.mz\/?p=11942#respond\"]}]},{\"@type\":\"WebPage\",\"@id\":\"https:\/\/www.isutc.ac.mz\/?p=11942\",\"url\":\"https:\/\/www.isutc.ac.mz\/?p=11942\",\"name\":\"CHAMADA PARA SUBMISS\u00c3O DE ARTIGOS - ISUTC\",\"isPartOf\":{\"@id\":\"https:\/\/www.isutc.ac.mz\/#website\"},\"datePublished\":\"2025-07-29T16:34:05+00:00\",\"dateModified\":\"2025-07-29T16:41:04+00:00\",\"breadcrumb\":{\"@id\":\"https:\/\/www.isutc.ac.mz\/?p=11942#breadcrumb\"},\"inLanguage\":\"pt-PT\",\"potentialAction\":[{\"@type\":\"ReadAction\",\"target\":[\"https:\/\/www.isutc.ac.mz\/?p=11942\"]}]},{\"@type\":\"BreadcrumbList\",\"@id\":\"https:\/\/www.isutc.ac.mz\/?p=11942#breadcrumb\",\"itemListElement\":[{\"@type\":\"ListItem\",\"position\":1,\"name\":\"Home\",\"item\":\"https:\/\/www.isutc.ac.mz\/\"},{\"@type\":\"ListItem\",\"position\":2,\"name\":\"CHAMADA PARA SUBMISS\u00c3O DE ARTIGOS\"}]},{\"@type\":\"WebSite\",\"@id\":\"https:\/\/www.isutc.ac.mz\/#website\",\"url\":\"https:\/\/www.isutc.ac.mz\/\",\"name\":\"ISUTC\",\"description\":\"Instituto Superior de Transportes e Comunica\u00e7\u00f5es\",\"publisher\":{\"@id\":\"https:\/\/www.isutc.ac.mz\/#organization\"},\"potentialAction\":[{\"@type\":\"SearchAction\",\"target\":{\"@type\":\"EntryPoint\",\"urlTemplate\":\"https:\/\/www.isutc.ac.mz\/?s={search_term_string}\"},\"query-input\":{\"@type\":\"PropertyValueSpecification\",\"valueRequired\":true,\"valueName\":\"search_term_string\"}}],\"inLanguage\":\"pt-PT\"},{\"@type\":\"Organization\",\"@id\":\"https:\/\/www.isutc.ac.mz\/#organization\",\"name\":\"instituto superior de transportes e comunica\u00e7\u00f5es\",\"url\":\"https:\/\/www.isutc.ac.mz\/\",\"logo\":{\"@type\":\"ImageObject\",\"inLanguage\":\"pt-PT\",\"@id\":\"https:\/\/www.isutc.ac.mz\/#\/schema\/logo\/image\/\",\"url\":\"https:\/\/www.isutc.ac.mz\/wp-content\/uploads\/2020\/08\/LOGO-20.png\",\"contentUrl\":\"https:\/\/www.isutc.ac.mz\/wp-content\/uploads\/2020\/08\/LOGO-20.png\",\"width\":390,\"height\":105,\"caption\":\"instituto superior de transportes e comunica\u00e7\u00f5es\"},\"image\":{\"@id\":\"https:\/\/www.isutc.ac.mz\/#\/schema\/logo\/image\/\"},\"sameAs\":[\"https:\/\/pt-br.facebook.com\/isutc\",\"https:\/\/www.instagram.com\/isutc.ac\/\"]},{\"@type\":\"Person\",\"@id\":\"https:\/\/www.isutc.ac.mz\/#\/schema\/person\/91dac55d0c4a61cc39a90540a2aa9205\",\"name\":\"Francisca Chacha\",\"image\":{\"@type\":\"ImageObject\",\"inLanguage\":\"pt-PT\",\"@id\":\"https:\/\/www.isutc.ac.mz\/#\/schema\/person\/image\/\",\"url\":\"https:\/\/secure.gravatar.com\/avatar\/1b22b2d08b8ef61c857aeaa08fac1cf21357b6ec7d91d342e408c93afe44a831?s=96&d=mm&r=g\",\"contentUrl\":\"https:\/\/secure.gravatar.com\/avatar\/1b22b2d08b8ef61c857aeaa08fac1cf21357b6ec7d91d342e408c93afe44a831?s=96&d=mm&r=g\",\"caption\":\"Francisca Chacha\"},\"url\":\"https:\/\/www.isutc.ac.mz\/?author=17\"}]}<\/script>\n<!-- \/ Yoast SEO plugin. -->","yoast_head_json":{"title":"CHAMADA PARA SUBMISS\u00c3O DE ARTIGOS - ISUTC","robots":{"index":"index","follow":"follow","max-snippet":"max-snippet:-1","max-image-preview":"max-image-preview:large","max-video-preview":"max-video-preview:-1"},"canonical":"https:\/\/www.isutc.ac.mz\/?p=11942","og_locale":"pt_PT","og_type":"article","og_title":"CHAMADA PARA SUBMISS\u00c3O DE ARTIGOS - ISUTC","og_description":"Caro Investigador A ISU_RESEARCH \u00e9 uma Revista Cient\u00edfica do Instituto Superior de Transportes e Comunica\u00e7\u00f5es (ISUTC), anual e com revis\u00e3o de pares, vocacionada na publica\u00e7\u00e3o de investiga\u00e7\u00e3o cient\u00edfica nas \u00e1reas de Engenharias, Tecnologias, Gest\u00e3o, Economia e Finan\u00e7as, Educa\u00e7\u00e3o, Desenvolvimento Sustent\u00e1vel e G\u00eanero. Para divulga\u00e7\u00e3o dos seus trabalhos de investiga\u00e7\u00e3o, \u00e9 convidado a submeter seus artigos [&hellip;]","og_url":"https:\/\/www.isutc.ac.mz\/?p=11942","og_site_name":"ISUTC","article_publisher":"https:\/\/pt-br.facebook.com\/isutc","article_published_time":"2025-07-29T16:34:05+00:00","article_modified_time":"2025-07-29T16:41:04+00:00","author":"Francisca Chacha","twitter_card":"summary_large_image","twitter_misc":{"Escrito por":"Francisca Chacha","Tempo estimado de leitura":"12 minutos"},"schema":{"@context":"https:\/\/schema.org","@graph":[{"@type":"Article","@id":"https:\/\/www.isutc.ac.mz\/?p=11942#article","isPartOf":{"@id":"https:\/\/www.isutc.ac.mz\/?p=11942"},"author":{"name":"Francisca Chacha","@id":"https:\/\/www.isutc.ac.mz\/#\/schema\/person\/91dac55d0c4a61cc39a90540a2aa9205"},"headline":"CHAMADA PARA SUBMISS\u00c3O DE ARTIGOS","datePublished":"2025-07-29T16:34:05+00:00","dateModified":"2025-07-29T16:41:04+00:00","mainEntityOfPage":{"@id":"https:\/\/www.isutc.ac.mz\/?p=11942"},"wordCount":2314,"commentCount":0,"publisher":{"@id":"https:\/\/www.isutc.ac.mz\/#organization"},"articleSection":["Uncategorized"],"inLanguage":"pt-PT","potentialAction":[{"@type":"CommentAction","name":"Comment","target":["https:\/\/www.isutc.ac.mz\/?p=11942#respond"]}]},{"@type":"WebPage","@id":"https:\/\/www.isutc.ac.mz\/?p=11942","url":"https:\/\/www.isutc.ac.mz\/?p=11942","name":"CHAMADA PARA SUBMISS\u00c3O DE ARTIGOS - ISUTC","isPartOf":{"@id":"https:\/\/www.isutc.ac.mz\/#website"},"datePublished":"2025-07-29T16:34:05+00:00","dateModified":"2025-07-29T16:41:04+00:00","breadcrumb":{"@id":"https:\/\/www.isutc.ac.mz\/?p=11942#breadcrumb"},"inLanguage":"pt-PT","potentialAction":[{"@type":"ReadAction","target":["https:\/\/www.isutc.ac.mz\/?p=11942"]}]},{"@type":"BreadcrumbList","@id":"https:\/\/www.isutc.ac.mz\/?p=11942#breadcrumb","itemListElement":[{"@type":"ListItem","position":1,"name":"Home","item":"https:\/\/www.isutc.ac.mz\/"},{"@type":"ListItem","position":2,"name":"CHAMADA PARA SUBMISS\u00c3O DE ARTIGOS"}]},{"@type":"WebSite","@id":"https:\/\/www.isutc.ac.mz\/#website","url":"https:\/\/www.isutc.ac.mz\/","name":"ISUTC","description":"Instituto Superior de Transportes e Comunica\u00e7\u00f5es","publisher":{"@id":"https:\/\/www.isutc.ac.mz\/#organization"},"potentialAction":[{"@type":"SearchAction","target":{"@type":"EntryPoint","urlTemplate":"https:\/\/www.isutc.ac.mz\/?s={search_term_string}"},"query-input":{"@type":"PropertyValueSpecification","valueRequired":true,"valueName":"search_term_string"}}],"inLanguage":"pt-PT"},{"@type":"Organization","@id":"https:\/\/www.isutc.ac.mz\/#organization","name":"instituto superior de transportes e comunica\u00e7\u00f5es","url":"https:\/\/www.isutc.ac.mz\/","logo":{"@type":"ImageObject","inLanguage":"pt-PT","@id":"https:\/\/www.isutc.ac.mz\/#\/schema\/logo\/image\/","url":"https:\/\/www.isutc.ac.mz\/wp-content\/uploads\/2020\/08\/LOGO-20.png","contentUrl":"https:\/\/www.isutc.ac.mz\/wp-content\/uploads\/2020\/08\/LOGO-20.png","width":390,"height":105,"caption":"instituto superior de transportes e comunica\u00e7\u00f5es"},"image":{"@id":"https:\/\/www.isutc.ac.mz\/#\/schema\/logo\/image\/"},"sameAs":["https:\/\/pt-br.facebook.com\/isutc","https:\/\/www.instagram.com\/isutc.ac\/"]},{"@type":"Person","@id":"https:\/\/www.isutc.ac.mz\/#\/schema\/person\/91dac55d0c4a61cc39a90540a2aa9205","name":"Francisca Chacha","image":{"@type":"ImageObject","inLanguage":"pt-PT","@id":"https:\/\/www.isutc.ac.mz\/#\/schema\/person\/image\/","url":"https:\/\/secure.gravatar.com\/avatar\/1b22b2d08b8ef61c857aeaa08fac1cf21357b6ec7d91d342e408c93afe44a831?s=96&d=mm&r=g","contentUrl":"https:\/\/secure.gravatar.com\/avatar\/1b22b2d08b8ef61c857aeaa08fac1cf21357b6ec7d91d342e408c93afe44a831?s=96&d=mm&r=g","caption":"Francisca Chacha"},"url":"https:\/\/www.isutc.ac.mz\/?author=17"}]}},"_links":{"self":[{"href":"https:\/\/www.isutc.ac.mz\/index.php?rest_route=\/wp\/v2\/posts\/11942","targetHints":{"allow":["GET"]}}],"collection":[{"href":"https:\/\/www.isutc.ac.mz\/index.php?rest_route=\/wp\/v2\/posts"}],"about":[{"href":"https:\/\/www.isutc.ac.mz\/index.php?rest_route=\/wp\/v2\/types\/post"}],"author":[{"embeddable":true,"href":"https:\/\/www.isutc.ac.mz\/index.php?rest_route=\/wp\/v2\/users\/17"}],"replies":[{"embeddable":true,"href":"https:\/\/www.isutc.ac.mz\/index.php?rest_route=%2Fwp%2Fv2%2Fcomments&post=11942"}],"version-history":[{"count":4,"href":"https:\/\/www.isutc.ac.mz\/index.php?rest_route=\/wp\/v2\/posts\/11942\/revisions"}],"predecessor-version":[{"id":11948,"href":"https:\/\/www.isutc.ac.mz\/index.php?rest_route=\/wp\/v2\/posts\/11942\/revisions\/11948"}],"wp:attachment":[{"href":"https:\/\/www.isutc.ac.mz\/index.php?rest_route=%2Fwp%2Fv2%2Fmedia&parent=11942"}],"wp:term":[{"taxonomy":"category","embeddable":true,"href":"https:\/\/www.isutc.ac.mz\/index.php?rest_route=%2Fwp%2Fv2%2Fcategories&post=11942"},{"taxonomy":"post_tag","embeddable":true,"href":"https:\/\/www.isutc.ac.mz\/index.php?rest_route=%2Fwp%2Fv2%2Ftags&post=11942"}],"curies":[{"name":"wp","href":"https:\/\/api.w.org\/{rel}","templated":true}]}}