
{"id":12100,"date":"2025-10-02T10:46:21","date_gmt":"2025-10-02T10:46:21","guid":{"rendered":"https:\/\/www.isutc.ac.mz\/?p=12100"},"modified":"2025-10-02T11:09:16","modified_gmt":"2025-10-02T11:09:16","slug":"25-anos-isutc-uma-celebracao-sem-precedentes","status":"publish","type":"post","link":"https:\/\/www.isutc.ac.mz\/?p=12100","title":{"rendered":"25 Anos ISUTC \u2013 Uma Celebra\u00e7\u00e3o Sem Precedentes!"},"content":{"rendered":"\n<p>Na passada sexta-feira, o ISUTC viveu um dos momentos mais marcantes da sua hist\u00f3ria. A celebra\u00e7\u00e3o dos 25 anos trouxe ao nosso campus uma verdadeira onda de energia, criatividade e orgulho acad\u00e9mico.<\/p>\n\n\n\n<p> A iniciativa partiu da nossa Associa\u00e7\u00e3o dos Estudantes, que surpreendeu com uma feira vibrante onde parceiros, empreendedores e estudantes exibiram produtos, servi\u00e7os e projectos cient\u00edficos. Uma mostra clara de que o futuro passa por aqui.<\/p>\n\n\n\n<p>A m\u00fasica esteve em alta com a revela\u00e7\u00e3o da Banda ISUTC, formada por talentos da casa, e as actua\u00e7\u00f5es electrizantes de&nbsp; H\u00e9lio Beatz&nbsp;e Jay Argh, que levaram todos ao rubro.<\/p>\n\n\n\n<p>O momento contou ainda com as palavras inspiradoras da Transcom, entidade instituidora, e do nosso Director-Geral, Professor Fernando Leite, refor\u00e7ando o compromisso de continuar a formar profissionais de excel\u00eancia.<\/p>\n\n\n\n<p>Foi mais do que uma festa: foi um marco, um tributo \u00e0 nossa hist\u00f3ria e um pontap\u00e9 de sa\u00edda para os pr\u00f3ximos 25 anos de inova\u00e7\u00e3o e sucesso. <\/p>\n\n\n\n<figure class=\"wp-block-gallery has-nested-images columns-default is-cropped wp-block-gallery-1 is-layout-flex wp-block-gallery-is-layout-flex\">\n<figure class=\"wp-block-image size-large\"><a href=\"https:\/\/www.isutc.ac.mz\/wp-content\/uploads\/2025\/10\/WhatsApp-Image-2025-09-23-at-15.14.44.jpeg\"><img loading=\"lazy\" decoding=\"async\" width=\"1024\" height=\"682\" data-id=\"12122\" src=\"https:\/\/www.isutc.ac.mz\/wp-content\/uploads\/2025\/10\/WhatsApp-Image-2025-09-23-at-15.14.44-1024x682.jpeg\" alt=\"\" class=\"wp-image-12122\" srcset=\"https:\/\/www.isutc.ac.mz\/wp-content\/uploads\/2025\/10\/WhatsApp-Image-2025-09-23-at-15.14.44-1024x682.jpeg 1024w, https:\/\/www.isutc.ac.mz\/wp-content\/uploads\/2025\/10\/WhatsApp-Image-2025-09-23-at-15.14.44-300x200.jpeg 300w, https:\/\/www.isutc.ac.mz\/wp-content\/uploads\/2025\/10\/WhatsApp-Image-2025-09-23-at-15.14.44-768x512.jpeg 768w, https:\/\/www.isutc.ac.mz\/wp-content\/uploads\/2025\/10\/WhatsApp-Image-2025-09-23-at-15.14.44-1536x1023.jpeg 1536w, https:\/\/www.isutc.ac.mz\/wp-content\/uploads\/2025\/10\/WhatsApp-Image-2025-09-23-at-15.14.44.jpeg 1600w\" sizes=\"auto, (max-width: 1024px) 100vw, 1024px\" \/><\/a><\/figure>\n\n\n\n<figure class=\"wp-block-image size-large\"><a href=\"https:\/\/www.isutc.ac.mz\/wp-content\/uploads\/2025\/10\/WhatsApp-Image-2025-09-22-at-17.03.15-1.jpeg\"><img loading=\"lazy\" decoding=\"async\" width=\"1024\" height=\"682\" data-id=\"12118\" src=\"https:\/\/www.isutc.ac.mz\/wp-content\/uploads\/2025\/10\/WhatsApp-Image-2025-09-22-at-17.03.15-1-1024x682.jpeg\" alt=\"\" class=\"wp-image-12118\" srcset=\"https:\/\/www.isutc.ac.mz\/wp-content\/uploads\/2025\/10\/WhatsApp-Image-2025-09-22-at-17.03.15-1-1024x682.jpeg 1024w, https:\/\/www.isutc.ac.mz\/wp-content\/uploads\/2025\/10\/WhatsApp-Image-2025-09-22-at-17.03.15-1-300x200.jpeg 300w, https:\/\/www.isutc.ac.mz\/wp-content\/uploads\/2025\/10\/WhatsApp-Image-2025-09-22-at-17.03.15-1-768x512.jpeg 768w, https:\/\/www.isutc.ac.mz\/wp-content\/uploads\/2025\/10\/WhatsApp-Image-2025-09-22-at-17.03.15-1.jpeg 1280w\" sizes=\"auto, (max-width: 1024px) 100vw, 1024px\" \/><\/a><\/figure>\n\n\n\n<figure class=\"wp-block-image size-large\"><a href=\"https:\/\/www.isutc.ac.mz\/wp-content\/uploads\/2025\/10\/WhatsApp-Image-2025-09-22-at-17.03.15.jpeg\"><img loading=\"lazy\" decoding=\"async\" width=\"1024\" height=\"682\" data-id=\"12119\" src=\"https:\/\/www.isutc.ac.mz\/wp-content\/uploads\/2025\/10\/WhatsApp-Image-2025-09-22-at-17.03.15-1024x682.jpeg\" alt=\"\" class=\"wp-image-12119\" srcset=\"https:\/\/www.isutc.ac.mz\/wp-content\/uploads\/2025\/10\/WhatsApp-Image-2025-09-22-at-17.03.15-1024x682.jpeg 1024w, https:\/\/www.isutc.ac.mz\/wp-content\/uploads\/2025\/10\/WhatsApp-Image-2025-09-22-at-17.03.15-300x200.jpeg 300w, https:\/\/www.isutc.ac.mz\/wp-content\/uploads\/2025\/10\/WhatsApp-Image-2025-09-22-at-17.03.15-768x512.jpeg 768w, https:\/\/www.isutc.ac.mz\/wp-content\/uploads\/2025\/10\/WhatsApp-Image-2025-09-22-at-17.03.15.jpeg 1280w\" sizes=\"auto, (max-width: 1024px) 100vw, 1024px\" \/><\/a><\/figure>\n\n\n\n<figure class=\"wp-block-image size-large\"><a href=\"https:\/\/www.isutc.ac.mz\/wp-content\/uploads\/2025\/10\/WhatsApp-Image-2025-09-22-at-17.03.14.jpeg\"><img loading=\"lazy\" decoding=\"async\" width=\"1024\" height=\"682\" data-id=\"12120\" src=\"https:\/\/www.isutc.ac.mz\/wp-content\/uploads\/2025\/10\/WhatsApp-Image-2025-09-22-at-17.03.14-1024x682.jpeg\" alt=\"\" class=\"wp-image-12120\" srcset=\"https:\/\/www.isutc.ac.mz\/wp-content\/uploads\/2025\/10\/WhatsApp-Image-2025-09-22-at-17.03.14-1024x682.jpeg 1024w, https:\/\/www.isutc.ac.mz\/wp-content\/uploads\/2025\/10\/WhatsApp-Image-2025-09-22-at-17.03.14-300x200.jpeg 300w, https:\/\/www.isutc.ac.mz\/wp-content\/uploads\/2025\/10\/WhatsApp-Image-2025-09-22-at-17.03.14-768x512.jpeg 768w, https:\/\/www.isutc.ac.mz\/wp-content\/uploads\/2025\/10\/WhatsApp-Image-2025-09-22-at-17.03.14.jpeg 1280w\" sizes=\"auto, (max-width: 1024px) 100vw, 1024px\" \/><\/a><\/figure>\n\n\n\n<figure class=\"wp-block-image size-large\"><a href=\"https:\/\/www.isutc.ac.mz\/wp-content\/uploads\/2025\/10\/WhatsApp-Image-2025-09-22-at-17.02.42-1.jpeg\"><img loading=\"lazy\" decoding=\"async\" width=\"1024\" height=\"682\" data-id=\"12121\" src=\"https:\/\/www.isutc.ac.mz\/wp-content\/uploads\/2025\/10\/WhatsApp-Image-2025-09-22-at-17.02.42-1-1024x682.jpeg\" alt=\"\" class=\"wp-image-12121\" srcset=\"https:\/\/www.isutc.ac.mz\/wp-content\/uploads\/2025\/10\/WhatsApp-Image-2025-09-22-at-17.02.42-1-1024x682.jpeg 1024w, https:\/\/www.isutc.ac.mz\/wp-content\/uploads\/2025\/10\/WhatsApp-Image-2025-09-22-at-17.02.42-1-300x200.jpeg 300w, https:\/\/www.isutc.ac.mz\/wp-content\/uploads\/2025\/10\/WhatsApp-Image-2025-09-22-at-17.02.42-1-768x512.jpeg 768w, https:\/\/www.isutc.ac.mz\/wp-content\/uploads\/2025\/10\/WhatsApp-Image-2025-09-22-at-17.02.42-1.jpeg 1280w\" sizes=\"auto, (max-width: 1024px) 100vw, 1024px\" \/><\/a><\/figure>\n<\/figure>\n\n\n\n<p><a href=\"https:\/\/cloud.transcom.co.mz:8092\/index.php\/s\/2YXgYjU7Ia9mSIM?path=%2F25%20Anos\">Mais fotos aqui<\/a><\/p>\n","protected":false},"excerpt":{"rendered":"<p>Na passada sexta-feira, o ISUTC viveu um dos momentos mais marcantes da sua hist\u00f3ria. A celebra\u00e7\u00e3o dos 25 anos trouxe ao nosso campus uma verdadeira onda de energia, criatividade e orgulho acad\u00e9mico. A iniciativa partiu da nossa Associa\u00e7\u00e3o dos Estudantes, que surpreendeu com uma feira vibrante onde parceiros, empreendedores e estudantes exibiram produtos, servi\u00e7os e [&hellip;]<\/p>\n","protected":false},"author":17,"featured_media":12132,"comment_status":"open","ping_status":"open","sticky":false,"template":"","format":"standard","meta":{"footnotes":""},"categories":[5,1],"tags":[],"class_list":["post-12100","post","type-post","status-publish","format-standard","has-post-thumbnail","hentry","category-noticia","category-uncategorized"],"yoast_head":"<!-- This site is optimized with the Yoast SEO plugin v26.9 - https:\/\/yoast.com\/product\/yoast-seo-wordpress\/ -->\n<title>25 Anos ISUTC \u2013 Uma Celebra\u00e7\u00e3o Sem Precedentes! - ISUTC<\/title>\n<meta name=\"robots\" content=\"index, follow, max-snippet:-1, max-image-preview:large, max-video-preview:-1\" \/>\n<link rel=\"canonical\" href=\"https:\/\/www.isutc.ac.mz\/?p=12100\" \/>\n<meta property=\"og:locale\" content=\"pt_PT\" \/>\n<meta property=\"og:type\" content=\"article\" \/>\n<meta property=\"og:title\" content=\"25 Anos ISUTC \u2013 Uma Celebra\u00e7\u00e3o Sem Precedentes! - ISUTC\" \/>\n<meta property=\"og:description\" content=\"Na passada sexta-feira, o ISUTC viveu um dos momentos mais marcantes da sua hist\u00f3ria. A celebra\u00e7\u00e3o dos 25 anos trouxe ao nosso campus uma verdadeira onda de energia, criatividade e orgulho acad\u00e9mico. A iniciativa partiu da nossa Associa\u00e7\u00e3o dos Estudantes, que surpreendeu com uma feira vibrante onde parceiros, empreendedores e estudantes exibiram produtos, servi\u00e7os e [&hellip;]\" \/>\n<meta property=\"og:url\" content=\"https:\/\/www.isutc.ac.mz\/?p=12100\" \/>\n<meta property=\"og:site_name\" content=\"ISUTC\" \/>\n<meta property=\"article:publisher\" content=\"https:\/\/pt-br.facebook.com\/isutc\" \/>\n<meta property=\"article:published_time\" content=\"2025-10-02T10:46:21+00:00\" \/>\n<meta property=\"article:modified_time\" content=\"2025-10-02T11:09:16+00:00\" \/>\n<meta property=\"og:image\" content=\"https:\/\/www.isutc.ac.mz\/wp-content\/uploads\/2025\/10\/WhatsApp-Image-2025-09-23-at-15.24.14-1.jpeg\" \/>\n\t<meta property=\"og:image:width\" content=\"1600\" \/>\n\t<meta property=\"og:image:height\" content=\"939\" \/>\n\t<meta property=\"og:image:type\" content=\"image\/jpeg\" \/>\n<meta name=\"author\" content=\"Francisca Chacha\" \/>\n<meta name=\"twitter:card\" content=\"summary_large_image\" \/>\n<meta name=\"twitter:label1\" content=\"Escrito por\" \/>\n\t<meta name=\"twitter:data1\" content=\"Francisca Chacha\" \/>\n\t<meta name=\"twitter:label2\" content=\"Tempo estimado de leitura\" \/>\n\t<meta name=\"twitter:data2\" content=\"1 minuto\" \/>\n<script type=\"application\/ld+json\" class=\"yoast-schema-graph\">{\"@context\":\"https:\/\/schema.org\",\"@graph\":[{\"@type\":\"Article\",\"@id\":\"https:\/\/www.isutc.ac.mz\/?p=12100#article\",\"isPartOf\":{\"@id\":\"https:\/\/www.isutc.ac.mz\/?p=12100\"},\"author\":{\"name\":\"Francisca Chacha\",\"@id\":\"https:\/\/www.isutc.ac.mz\/#\/schema\/person\/91dac55d0c4a61cc39a90540a2aa9205\"},\"headline\":\"25 Anos ISUTC \u2013 Uma Celebra\u00e7\u00e3o Sem Precedentes!\",\"datePublished\":\"2025-10-02T10:46:21+00:00\",\"dateModified\":\"2025-10-02T11:09:16+00:00\",\"mainEntityOfPage\":{\"@id\":\"https:\/\/www.isutc.ac.mz\/?p=12100\"},\"wordCount\":180,\"commentCount\":0,\"publisher\":{\"@id\":\"https:\/\/www.isutc.ac.mz\/#organization\"},\"image\":{\"@id\":\"https:\/\/www.isutc.ac.mz\/?p=12100#primaryimage\"},\"thumbnailUrl\":\"https:\/\/www.isutc.ac.mz\/wp-content\/uploads\/2025\/10\/WhatsApp-Image-2025-09-23-at-15.24.14-1.jpeg\",\"articleSection\":[\"Noticia\",\"Uncategorized\"],\"inLanguage\":\"pt-PT\",\"potentialAction\":[{\"@type\":\"CommentAction\",\"name\":\"Comment\",\"target\":[\"https:\/\/www.isutc.ac.mz\/?p=12100#respond\"]}]},{\"@type\":\"WebPage\",\"@id\":\"https:\/\/www.isutc.ac.mz\/?p=12100\",\"url\":\"https:\/\/www.isutc.ac.mz\/?p=12100\",\"name\":\"25 Anos ISUTC \u2013 Uma Celebra\u00e7\u00e3o Sem Precedentes! - ISUTC\",\"isPartOf\":{\"@id\":\"https:\/\/www.isutc.ac.mz\/#website\"},\"primaryImageOfPage\":{\"@id\":\"https:\/\/www.isutc.ac.mz\/?p=12100#primaryimage\"},\"image\":{\"@id\":\"https:\/\/www.isutc.ac.mz\/?p=12100#primaryimage\"},\"thumbnailUrl\":\"https:\/\/www.isutc.ac.mz\/wp-content\/uploads\/2025\/10\/WhatsApp-Image-2025-09-23-at-15.24.14-1.jpeg\",\"datePublished\":\"2025-10-02T10:46:21+00:00\",\"dateModified\":\"2025-10-02T11:09:16+00:00\",\"breadcrumb\":{\"@id\":\"https:\/\/www.isutc.ac.mz\/?p=12100#breadcrumb\"},\"inLanguage\":\"pt-PT\",\"potentialAction\":[{\"@type\":\"ReadAction\",\"target\":[\"https:\/\/www.isutc.ac.mz\/?p=12100\"]}]},{\"@type\":\"ImageObject\",\"inLanguage\":\"pt-PT\",\"@id\":\"https:\/\/www.isutc.ac.mz\/?p=12100#primaryimage\",\"url\":\"https:\/\/www.isutc.ac.mz\/wp-content\/uploads\/2025\/10\/WhatsApp-Image-2025-09-23-at-15.24.14-1.jpeg\",\"contentUrl\":\"https:\/\/www.isutc.ac.mz\/wp-content\/uploads\/2025\/10\/WhatsApp-Image-2025-09-23-at-15.24.14-1.jpeg\",\"width\":1600,\"height\":939},{\"@type\":\"BreadcrumbList\",\"@id\":\"https:\/\/www.isutc.ac.mz\/?p=12100#breadcrumb\",\"itemListElement\":[{\"@type\":\"ListItem\",\"position\":1,\"name\":\"Home\",\"item\":\"https:\/\/www.isutc.ac.mz\/\"},{\"@type\":\"ListItem\",\"position\":2,\"name\":\"25 Anos ISUTC \u2013 Uma Celebra\u00e7\u00e3o Sem Precedentes!\"}]},{\"@type\":\"WebSite\",\"@id\":\"https:\/\/www.isutc.ac.mz\/#website\",\"url\":\"https:\/\/www.isutc.ac.mz\/\",\"name\":\"ISUTC\",\"description\":\"Instituto Superior de Transportes e Comunica\u00e7\u00f5es\",\"publisher\":{\"@id\":\"https:\/\/www.isutc.ac.mz\/#organization\"},\"potentialAction\":[{\"@type\":\"SearchAction\",\"target\":{\"@type\":\"EntryPoint\",\"urlTemplate\":\"https:\/\/www.isutc.ac.mz\/?s={search_term_string}\"},\"query-input\":{\"@type\":\"PropertyValueSpecification\",\"valueRequired\":true,\"valueName\":\"search_term_string\"}}],\"inLanguage\":\"pt-PT\"},{\"@type\":\"Organization\",\"@id\":\"https:\/\/www.isutc.ac.mz\/#organization\",\"name\":\"instituto superior de transportes e comunica\u00e7\u00f5es\",\"url\":\"https:\/\/www.isutc.ac.mz\/\",\"logo\":{\"@type\":\"ImageObject\",\"inLanguage\":\"pt-PT\",\"@id\":\"https:\/\/www.isutc.ac.mz\/#\/schema\/logo\/image\/\",\"url\":\"https:\/\/www.isutc.ac.mz\/wp-content\/uploads\/2020\/08\/LOGO-20.png\",\"contentUrl\":\"https:\/\/www.isutc.ac.mz\/wp-content\/uploads\/2020\/08\/LOGO-20.png\",\"width\":390,\"height\":105,\"caption\":\"instituto superior de transportes e comunica\u00e7\u00f5es\"},\"image\":{\"@id\":\"https:\/\/www.isutc.ac.mz\/#\/schema\/logo\/image\/\"},\"sameAs\":[\"https:\/\/pt-br.facebook.com\/isutc\",\"https:\/\/www.instagram.com\/isutc.ac\/\"]},{\"@type\":\"Person\",\"@id\":\"https:\/\/www.isutc.ac.mz\/#\/schema\/person\/91dac55d0c4a61cc39a90540a2aa9205\",\"name\":\"Francisca Chacha\",\"image\":{\"@type\":\"ImageObject\",\"inLanguage\":\"pt-PT\",\"@id\":\"https:\/\/www.isutc.ac.mz\/#\/schema\/person\/image\/\",\"url\":\"https:\/\/secure.gravatar.com\/avatar\/1b22b2d08b8ef61c857aeaa08fac1cf21357b6ec7d91d342e408c93afe44a831?s=96&d=mm&r=g\",\"contentUrl\":\"https:\/\/secure.gravatar.com\/avatar\/1b22b2d08b8ef61c857aeaa08fac1cf21357b6ec7d91d342e408c93afe44a831?s=96&d=mm&r=g\",\"caption\":\"Francisca Chacha\"},\"url\":\"https:\/\/www.isutc.ac.mz\/?author=17\"}]}<\/script>\n<!-- \/ Yoast SEO plugin. -->","yoast_head_json":{"title":"25 Anos ISUTC \u2013 Uma Celebra\u00e7\u00e3o Sem Precedentes! - ISUTC","robots":{"index":"index","follow":"follow","max-snippet":"max-snippet:-1","max-image-preview":"max-image-preview:large","max-video-preview":"max-video-preview:-1"},"canonical":"https:\/\/www.isutc.ac.mz\/?p=12100","og_locale":"pt_PT","og_type":"article","og_title":"25 Anos ISUTC \u2013 Uma Celebra\u00e7\u00e3o Sem Precedentes! - ISUTC","og_description":"Na passada sexta-feira, o ISUTC viveu um dos momentos mais marcantes da sua hist\u00f3ria. A celebra\u00e7\u00e3o dos 25 anos trouxe ao nosso campus uma verdadeira onda de energia, criatividade e orgulho acad\u00e9mico. A iniciativa partiu da nossa Associa\u00e7\u00e3o dos Estudantes, que surpreendeu com uma feira vibrante onde parceiros, empreendedores e estudantes exibiram produtos, servi\u00e7os e [&hellip;]","og_url":"https:\/\/www.isutc.ac.mz\/?p=12100","og_site_name":"ISUTC","article_publisher":"https:\/\/pt-br.facebook.com\/isutc","article_published_time":"2025-10-02T10:46:21+00:00","article_modified_time":"2025-10-02T11:09:16+00:00","og_image":[{"width":1600,"height":939,"url":"https:\/\/www.isutc.ac.mz\/wp-content\/uploads\/2025\/10\/WhatsApp-Image-2025-09-23-at-15.24.14-1.jpeg","type":"image\/jpeg"}],"author":"Francisca Chacha","twitter_card":"summary_large_image","twitter_misc":{"Escrito por":"Francisca Chacha","Tempo estimado de leitura":"1 minuto"},"schema":{"@context":"https:\/\/schema.org","@graph":[{"@type":"Article","@id":"https:\/\/www.isutc.ac.mz\/?p=12100#article","isPartOf":{"@id":"https:\/\/www.isutc.ac.mz\/?p=12100"},"author":{"name":"Francisca Chacha","@id":"https:\/\/www.isutc.ac.mz\/#\/schema\/person\/91dac55d0c4a61cc39a90540a2aa9205"},"headline":"25 Anos ISUTC \u2013 Uma Celebra\u00e7\u00e3o Sem Precedentes!","datePublished":"2025-10-02T10:46:21+00:00","dateModified":"2025-10-02T11:09:16+00:00","mainEntityOfPage":{"@id":"https:\/\/www.isutc.ac.mz\/?p=12100"},"wordCount":180,"commentCount":0,"publisher":{"@id":"https:\/\/www.isutc.ac.mz\/#organization"},"image":{"@id":"https:\/\/www.isutc.ac.mz\/?p=12100#primaryimage"},"thumbnailUrl":"https:\/\/www.isutc.ac.mz\/wp-content\/uploads\/2025\/10\/WhatsApp-Image-2025-09-23-at-15.24.14-1.jpeg","articleSection":["Noticia","Uncategorized"],"inLanguage":"pt-PT","potentialAction":[{"@type":"CommentAction","name":"Comment","target":["https:\/\/www.isutc.ac.mz\/?p=12100#respond"]}]},{"@type":"WebPage","@id":"https:\/\/www.isutc.ac.mz\/?p=12100","url":"https:\/\/www.isutc.ac.mz\/?p=12100","name":"25 Anos ISUTC \u2013 Uma Celebra\u00e7\u00e3o Sem Precedentes! - ISUTC","isPartOf":{"@id":"https:\/\/www.isutc.ac.mz\/#website"},"primaryImageOfPage":{"@id":"https:\/\/www.isutc.ac.mz\/?p=12100#primaryimage"},"image":{"@id":"https:\/\/www.isutc.ac.mz\/?p=12100#primaryimage"},"thumbnailUrl":"https:\/\/www.isutc.ac.mz\/wp-content\/uploads\/2025\/10\/WhatsApp-Image-2025-09-23-at-15.24.14-1.jpeg","datePublished":"2025-10-02T10:46:21+00:00","dateModified":"2025-10-02T11:09:16+00:00","breadcrumb":{"@id":"https:\/\/www.isutc.ac.mz\/?p=12100#breadcrumb"},"inLanguage":"pt-PT","potentialAction":[{"@type":"ReadAction","target":["https:\/\/www.isutc.ac.mz\/?p=12100"]}]},{"@type":"ImageObject","inLanguage":"pt-PT","@id":"https:\/\/www.isutc.ac.mz\/?p=12100#primaryimage","url":"https:\/\/www.isutc.ac.mz\/wp-content\/uploads\/2025\/10\/WhatsApp-Image-2025-09-23-at-15.24.14-1.jpeg","contentUrl":"https:\/\/www.isutc.ac.mz\/wp-content\/uploads\/2025\/10\/WhatsApp-Image-2025-09-23-at-15.24.14-1.jpeg","width":1600,"height":939},{"@type":"BreadcrumbList","@id":"https:\/\/www.isutc.ac.mz\/?p=12100#breadcrumb","itemListElement":[{"@type":"ListItem","position":1,"name":"Home","item":"https:\/\/www.isutc.ac.mz\/"},{"@type":"ListItem","position":2,"name":"25 Anos ISUTC \u2013 Uma Celebra\u00e7\u00e3o Sem Precedentes!"}]},{"@type":"WebSite","@id":"https:\/\/www.isutc.ac.mz\/#website","url":"https:\/\/www.isutc.ac.mz\/","name":"ISUTC","description":"Instituto Superior de Transportes e Comunica\u00e7\u00f5es","publisher":{"@id":"https:\/\/www.isutc.ac.mz\/#organization"},"potentialAction":[{"@type":"SearchAction","target":{"@type":"EntryPoint","urlTemplate":"https:\/\/www.isutc.ac.mz\/?s={search_term_string}"},"query-input":{"@type":"PropertyValueSpecification","valueRequired":true,"valueName":"search_term_string"}}],"inLanguage":"pt-PT"},{"@type":"Organization","@id":"https:\/\/www.isutc.ac.mz\/#organization","name":"instituto superior de transportes e comunica\u00e7\u00f5es","url":"https:\/\/www.isutc.ac.mz\/","logo":{"@type":"ImageObject","inLanguage":"pt-PT","@id":"https:\/\/www.isutc.ac.mz\/#\/schema\/logo\/image\/","url":"https:\/\/www.isutc.ac.mz\/wp-content\/uploads\/2020\/08\/LOGO-20.png","contentUrl":"https:\/\/www.isutc.ac.mz\/wp-content\/uploads\/2020\/08\/LOGO-20.png","width":390,"height":105,"caption":"instituto superior de transportes e comunica\u00e7\u00f5es"},"image":{"@id":"https:\/\/www.isutc.ac.mz\/#\/schema\/logo\/image\/"},"sameAs":["https:\/\/pt-br.facebook.com\/isutc","https:\/\/www.instagram.com\/isutc.ac\/"]},{"@type":"Person","@id":"https:\/\/www.isutc.ac.mz\/#\/schema\/person\/91dac55d0c4a61cc39a90540a2aa9205","name":"Francisca Chacha","image":{"@type":"ImageObject","inLanguage":"pt-PT","@id":"https:\/\/www.isutc.ac.mz\/#\/schema\/person\/image\/","url":"https:\/\/secure.gravatar.com\/avatar\/1b22b2d08b8ef61c857aeaa08fac1cf21357b6ec7d91d342e408c93afe44a831?s=96&d=mm&r=g","contentUrl":"https:\/\/secure.gravatar.com\/avatar\/1b22b2d08b8ef61c857aeaa08fac1cf21357b6ec7d91d342e408c93afe44a831?s=96&d=mm&r=g","caption":"Francisca Chacha"},"url":"https:\/\/www.isutc.ac.mz\/?author=17"}]}},"_links":{"self":[{"href":"https:\/\/www.isutc.ac.mz\/index.php?rest_route=\/wp\/v2\/posts\/12100","targetHints":{"allow":["GET"]}}],"collection":[{"href":"https:\/\/www.isutc.ac.mz\/index.php?rest_route=\/wp\/v2\/posts"}],"about":[{"href":"https:\/\/www.isutc.ac.mz\/index.php?rest_route=\/wp\/v2\/types\/post"}],"author":[{"embeddable":true,"href":"https:\/\/www.isutc.ac.mz\/index.php?rest_route=\/wp\/v2\/users\/17"}],"replies":[{"embeddable":true,"href":"https:\/\/www.isutc.ac.mz\/index.php?rest_route=%2Fwp%2Fv2%2Fcomments&post=12100"}],"version-history":[{"count":2,"href":"https:\/\/www.isutc.ac.mz\/index.php?rest_route=\/wp\/v2\/posts\/12100\/revisions"}],"predecessor-version":[{"id":12133,"href":"https:\/\/www.isutc.ac.mz\/index.php?rest_route=\/wp\/v2\/posts\/12100\/revisions\/12133"}],"wp:featuredmedia":[{"embeddable":true,"href":"https:\/\/www.isutc.ac.mz\/index.php?rest_route=\/wp\/v2\/media\/12132"}],"wp:attachment":[{"href":"https:\/\/www.isutc.ac.mz\/index.php?rest_route=%2Fwp%2Fv2%2Fmedia&parent=12100"}],"wp:term":[{"taxonomy":"category","embeddable":true,"href":"https:\/\/www.isutc.ac.mz\/index.php?rest_route=%2Fwp%2Fv2%2Fcategories&post=12100"},{"taxonomy":"post_tag","embeddable":true,"href":"https:\/\/www.isutc.ac.mz\/index.php?rest_route=%2Fwp%2Fv2%2Ftags&post=12100"}],"curies":[{"name":"wp","href":"https:\/\/api.w.org\/{rel}","templated":true}]}}