
{"id":12270,"date":"2025-12-09T13:20:40","date_gmt":"2025-12-09T13:20:40","guid":{"rendered":"https:\/\/www.isutc.ac.mz\/?p=12270"},"modified":"2025-12-09T13:20:41","modified_gmt":"2025-12-09T13:20:41","slug":"isutc-deu-inicio-ao-mestrado-em-gestao-ambiental","status":"publish","type":"post","link":"https:\/\/www.isutc.ac.mz\/?p=12270","title":{"rendered":"ISUTC deu In\u00edcio ao Mestrado em Gest\u00e3o Ambiental"},"content":{"rendered":"\n<p>O ISUTC deu in\u00edcio, ao Mestrado em Gest\u00e3o Ambiental, um programa que visa fortalecer as compet\u00eancias t\u00e9cnicas e cient\u00edficas dos profissionais na \u00e1rea da sustentabilidade e gest\u00e3o dos recursos naturais.<br>Na sess\u00e3o de abertura, o Director-Geral do ISUTC, Professor Doutor Fernando Leite, dirigiu palavras de boas-vindas aos novos mestrandos, sublinhando o compromisso do ISUTC em continuar a promover uma forma\u00e7\u00e3o de excel\u00eancia, alinhada com as necessidades actuais do desenvolvimento sustent\u00e1vel.<\/p>\n\n\n\n<figure class=\"wp-block-gallery has-nested-images columns-default is-cropped wp-block-gallery-1 is-layout-flex wp-block-gallery-is-layout-flex\">\n<figure class=\"wp-block-image size-large\"><a href=\"https:\/\/www.isutc.ac.mz\/wp-content\/uploads\/2025\/12\/WhatsApp-Image-2025-11-12-at-11.18.30-6.jpeg\"><img loading=\"lazy\" decoding=\"async\" width=\"1024\" height=\"768\" data-id=\"12271\" src=\"https:\/\/www.isutc.ac.mz\/wp-content\/uploads\/2025\/12\/WhatsApp-Image-2025-11-12-at-11.18.30-6-1024x768.jpeg\" alt=\"\" class=\"wp-image-12271\" srcset=\"https:\/\/www.isutc.ac.mz\/wp-content\/uploads\/2025\/12\/WhatsApp-Image-2025-11-12-at-11.18.30-6-1024x768.jpeg 1024w, https:\/\/www.isutc.ac.mz\/wp-content\/uploads\/2025\/12\/WhatsApp-Image-2025-11-12-at-11.18.30-6-300x225.jpeg 300w, https:\/\/www.isutc.ac.mz\/wp-content\/uploads\/2025\/12\/WhatsApp-Image-2025-11-12-at-11.18.30-6-768x576.jpeg 768w, https:\/\/www.isutc.ac.mz\/wp-content\/uploads\/2025\/12\/WhatsApp-Image-2025-11-12-at-11.18.30-6.jpeg 1280w\" sizes=\"auto, (max-width: 1024px) 100vw, 1024px\" \/><\/a><\/figure>\n<\/figure>\n","protected":false},"excerpt":{"rendered":"<p>O ISUTC deu in\u00edcio, ao Mestrado em Gest\u00e3o Ambiental, um programa que visa fortalecer as compet\u00eancias t\u00e9cnicas e cient\u00edficas dos profissionais na \u00e1rea da sustentabilidade e gest\u00e3o dos recursos naturais.Na sess\u00e3o de abertura, o Director-Geral do ISUTC, Professor Doutor Fernando Leite, dirigiu palavras de boas-vindas aos novos mestrandos, sublinhando o compromisso do ISUTC em continuar [&hellip;]<\/p>\n","protected":false},"author":17,"featured_media":12271,"comment_status":"open","ping_status":"open","sticky":false,"template":"","format":"standard","meta":{"footnotes":""},"categories":[5],"tags":[],"class_list":["post-12270","post","type-post","status-publish","format-standard","has-post-thumbnail","hentry","category-noticia"],"yoast_head":"<!-- This site is optimized with the Yoast SEO plugin v26.9 - https:\/\/yoast.com\/product\/yoast-seo-wordpress\/ -->\n<title>ISUTC deu In\u00edcio ao Mestrado em Gest\u00e3o Ambiental - ISUTC<\/title>\n<meta name=\"robots\" content=\"index, follow, max-snippet:-1, max-image-preview:large, max-video-preview:-1\" \/>\n<link rel=\"canonical\" href=\"https:\/\/www.isutc.ac.mz\/?p=12270\" \/>\n<meta property=\"og:locale\" content=\"pt_PT\" \/>\n<meta property=\"og:type\" content=\"article\" \/>\n<meta property=\"og:title\" content=\"ISUTC deu In\u00edcio ao Mestrado em Gest\u00e3o Ambiental - ISUTC\" \/>\n<meta property=\"og:description\" content=\"O ISUTC deu in\u00edcio, ao Mestrado em Gest\u00e3o Ambiental, um programa que visa fortalecer as compet\u00eancias t\u00e9cnicas e cient\u00edficas dos profissionais na \u00e1rea da sustentabilidade e gest\u00e3o dos recursos naturais.Na sess\u00e3o de abertura, o Director-Geral do ISUTC, Professor Doutor Fernando Leite, dirigiu palavras de boas-vindas aos novos mestrandos, sublinhando o compromisso do ISUTC em continuar [&hellip;]\" \/>\n<meta property=\"og:url\" content=\"https:\/\/www.isutc.ac.mz\/?p=12270\" \/>\n<meta property=\"og:site_name\" content=\"ISUTC\" \/>\n<meta property=\"article:publisher\" content=\"https:\/\/pt-br.facebook.com\/isutc\" \/>\n<meta property=\"article:published_time\" content=\"2025-12-09T13:20:40+00:00\" \/>\n<meta property=\"article:modified_time\" content=\"2025-12-09T13:20:41+00:00\" \/>\n<meta property=\"og:image\" content=\"https:\/\/www.isutc.ac.mz\/wp-content\/uploads\/2025\/12\/WhatsApp-Image-2025-11-12-at-11.18.30-6.jpeg\" \/>\n\t<meta property=\"og:image:width\" content=\"1280\" \/>\n\t<meta property=\"og:image:height\" content=\"960\" \/>\n\t<meta property=\"og:image:type\" content=\"image\/jpeg\" \/>\n<meta name=\"author\" content=\"Francisca Chacha\" \/>\n<meta name=\"twitter:card\" content=\"summary_large_image\" \/>\n<meta name=\"twitter:label1\" content=\"Escrito por\" \/>\n\t<meta name=\"twitter:data1\" content=\"Francisca Chacha\" \/>\n\t<meta name=\"twitter:label2\" content=\"Tempo estimado de leitura\" \/>\n\t<meta name=\"twitter:data2\" content=\"1 minuto\" \/>\n<script type=\"application\/ld+json\" class=\"yoast-schema-graph\">{\"@context\":\"https:\/\/schema.org\",\"@graph\":[{\"@type\":\"Article\",\"@id\":\"https:\/\/www.isutc.ac.mz\/?p=12270#article\",\"isPartOf\":{\"@id\":\"https:\/\/www.isutc.ac.mz\/?p=12270\"},\"author\":{\"name\":\"Francisca Chacha\",\"@id\":\"https:\/\/www.isutc.ac.mz\/#\/schema\/person\/91dac55d0c4a61cc39a90540a2aa9205\"},\"headline\":\"ISUTC deu In\u00edcio ao Mestrado em Gest\u00e3o Ambiental\",\"datePublished\":\"2025-12-09T13:20:40+00:00\",\"dateModified\":\"2025-12-09T13:20:41+00:00\",\"mainEntityOfPage\":{\"@id\":\"https:\/\/www.isutc.ac.mz\/?p=12270\"},\"wordCount\":90,\"commentCount\":0,\"publisher\":{\"@id\":\"https:\/\/www.isutc.ac.mz\/#organization\"},\"image\":{\"@id\":\"https:\/\/www.isutc.ac.mz\/?p=12270#primaryimage\"},\"thumbnailUrl\":\"https:\/\/www.isutc.ac.mz\/wp-content\/uploads\/2025\/12\/WhatsApp-Image-2025-11-12-at-11.18.30-6.jpeg\",\"articleSection\":[\"Noticia\"],\"inLanguage\":\"pt-PT\",\"potentialAction\":[{\"@type\":\"CommentAction\",\"name\":\"Comment\",\"target\":[\"https:\/\/www.isutc.ac.mz\/?p=12270#respond\"]}]},{\"@type\":\"WebPage\",\"@id\":\"https:\/\/www.isutc.ac.mz\/?p=12270\",\"url\":\"https:\/\/www.isutc.ac.mz\/?p=12270\",\"name\":\"ISUTC deu In\u00edcio ao Mestrado em Gest\u00e3o Ambiental - ISUTC\",\"isPartOf\":{\"@id\":\"https:\/\/www.isutc.ac.mz\/#website\"},\"primaryImageOfPage\":{\"@id\":\"https:\/\/www.isutc.ac.mz\/?p=12270#primaryimage\"},\"image\":{\"@id\":\"https:\/\/www.isutc.ac.mz\/?p=12270#primaryimage\"},\"thumbnailUrl\":\"https:\/\/www.isutc.ac.mz\/wp-content\/uploads\/2025\/12\/WhatsApp-Image-2025-11-12-at-11.18.30-6.jpeg\",\"datePublished\":\"2025-12-09T13:20:40+00:00\",\"dateModified\":\"2025-12-09T13:20:41+00:00\",\"breadcrumb\":{\"@id\":\"https:\/\/www.isutc.ac.mz\/?p=12270#breadcrumb\"},\"inLanguage\":\"pt-PT\",\"potentialAction\":[{\"@type\":\"ReadAction\",\"target\":[\"https:\/\/www.isutc.ac.mz\/?p=12270\"]}]},{\"@type\":\"ImageObject\",\"inLanguage\":\"pt-PT\",\"@id\":\"https:\/\/www.isutc.ac.mz\/?p=12270#primaryimage\",\"url\":\"https:\/\/www.isutc.ac.mz\/wp-content\/uploads\/2025\/12\/WhatsApp-Image-2025-11-12-at-11.18.30-6.jpeg\",\"contentUrl\":\"https:\/\/www.isutc.ac.mz\/wp-content\/uploads\/2025\/12\/WhatsApp-Image-2025-11-12-at-11.18.30-6.jpeg\",\"width\":1280,\"height\":960},{\"@type\":\"BreadcrumbList\",\"@id\":\"https:\/\/www.isutc.ac.mz\/?p=12270#breadcrumb\",\"itemListElement\":[{\"@type\":\"ListItem\",\"position\":1,\"name\":\"Home\",\"item\":\"https:\/\/www.isutc.ac.mz\/\"},{\"@type\":\"ListItem\",\"position\":2,\"name\":\"ISUTC deu In\u00edcio ao Mestrado em Gest\u00e3o Ambiental\"}]},{\"@type\":\"WebSite\",\"@id\":\"https:\/\/www.isutc.ac.mz\/#website\",\"url\":\"https:\/\/www.isutc.ac.mz\/\",\"name\":\"ISUTC\",\"description\":\"Instituto Superior de Transportes e Comunica\u00e7\u00f5es\",\"publisher\":{\"@id\":\"https:\/\/www.isutc.ac.mz\/#organization\"},\"potentialAction\":[{\"@type\":\"SearchAction\",\"target\":{\"@type\":\"EntryPoint\",\"urlTemplate\":\"https:\/\/www.isutc.ac.mz\/?s={search_term_string}\"},\"query-input\":{\"@type\":\"PropertyValueSpecification\",\"valueRequired\":true,\"valueName\":\"search_term_string\"}}],\"inLanguage\":\"pt-PT\"},{\"@type\":\"Organization\",\"@id\":\"https:\/\/www.isutc.ac.mz\/#organization\",\"name\":\"instituto superior de transportes e comunica\u00e7\u00f5es\",\"url\":\"https:\/\/www.isutc.ac.mz\/\",\"logo\":{\"@type\":\"ImageObject\",\"inLanguage\":\"pt-PT\",\"@id\":\"https:\/\/www.isutc.ac.mz\/#\/schema\/logo\/image\/\",\"url\":\"https:\/\/www.isutc.ac.mz\/wp-content\/uploads\/2020\/08\/LOGO-20.png\",\"contentUrl\":\"https:\/\/www.isutc.ac.mz\/wp-content\/uploads\/2020\/08\/LOGO-20.png\",\"width\":390,\"height\":105,\"caption\":\"instituto superior de transportes e comunica\u00e7\u00f5es\"},\"image\":{\"@id\":\"https:\/\/www.isutc.ac.mz\/#\/schema\/logo\/image\/\"},\"sameAs\":[\"https:\/\/pt-br.facebook.com\/isutc\",\"https:\/\/www.instagram.com\/isutc.ac\/\"]},{\"@type\":\"Person\",\"@id\":\"https:\/\/www.isutc.ac.mz\/#\/schema\/person\/91dac55d0c4a61cc39a90540a2aa9205\",\"name\":\"Francisca Chacha\",\"image\":{\"@type\":\"ImageObject\",\"inLanguage\":\"pt-PT\",\"@id\":\"https:\/\/www.isutc.ac.mz\/#\/schema\/person\/image\/\",\"url\":\"https:\/\/secure.gravatar.com\/avatar\/1b22b2d08b8ef61c857aeaa08fac1cf21357b6ec7d91d342e408c93afe44a831?s=96&d=mm&r=g\",\"contentUrl\":\"https:\/\/secure.gravatar.com\/avatar\/1b22b2d08b8ef61c857aeaa08fac1cf21357b6ec7d91d342e408c93afe44a831?s=96&d=mm&r=g\",\"caption\":\"Francisca Chacha\"},\"url\":\"https:\/\/www.isutc.ac.mz\/?author=17\"}]}<\/script>\n<!-- \/ Yoast SEO plugin. -->","yoast_head_json":{"title":"ISUTC deu In\u00edcio ao Mestrado em Gest\u00e3o Ambiental - ISUTC","robots":{"index":"index","follow":"follow","max-snippet":"max-snippet:-1","max-image-preview":"max-image-preview:large","max-video-preview":"max-video-preview:-1"},"canonical":"https:\/\/www.isutc.ac.mz\/?p=12270","og_locale":"pt_PT","og_type":"article","og_title":"ISUTC deu In\u00edcio ao Mestrado em Gest\u00e3o Ambiental - ISUTC","og_description":"O ISUTC deu in\u00edcio, ao Mestrado em Gest\u00e3o Ambiental, um programa que visa fortalecer as compet\u00eancias t\u00e9cnicas e cient\u00edficas dos profissionais na \u00e1rea da sustentabilidade e gest\u00e3o dos recursos naturais.Na sess\u00e3o de abertura, o Director-Geral do ISUTC, Professor Doutor Fernando Leite, dirigiu palavras de boas-vindas aos novos mestrandos, sublinhando o compromisso do ISUTC em continuar [&hellip;]","og_url":"https:\/\/www.isutc.ac.mz\/?p=12270","og_site_name":"ISUTC","article_publisher":"https:\/\/pt-br.facebook.com\/isutc","article_published_time":"2025-12-09T13:20:40+00:00","article_modified_time":"2025-12-09T13:20:41+00:00","og_image":[{"width":1280,"height":960,"url":"https:\/\/www.isutc.ac.mz\/wp-content\/uploads\/2025\/12\/WhatsApp-Image-2025-11-12-at-11.18.30-6.jpeg","type":"image\/jpeg"}],"author":"Francisca Chacha","twitter_card":"summary_large_image","twitter_misc":{"Escrito por":"Francisca Chacha","Tempo estimado de leitura":"1 minuto"},"schema":{"@context":"https:\/\/schema.org","@graph":[{"@type":"Article","@id":"https:\/\/www.isutc.ac.mz\/?p=12270#article","isPartOf":{"@id":"https:\/\/www.isutc.ac.mz\/?p=12270"},"author":{"name":"Francisca Chacha","@id":"https:\/\/www.isutc.ac.mz\/#\/schema\/person\/91dac55d0c4a61cc39a90540a2aa9205"},"headline":"ISUTC deu In\u00edcio ao Mestrado em Gest\u00e3o Ambiental","datePublished":"2025-12-09T13:20:40+00:00","dateModified":"2025-12-09T13:20:41+00:00","mainEntityOfPage":{"@id":"https:\/\/www.isutc.ac.mz\/?p=12270"},"wordCount":90,"commentCount":0,"publisher":{"@id":"https:\/\/www.isutc.ac.mz\/#organization"},"image":{"@id":"https:\/\/www.isutc.ac.mz\/?p=12270#primaryimage"},"thumbnailUrl":"https:\/\/www.isutc.ac.mz\/wp-content\/uploads\/2025\/12\/WhatsApp-Image-2025-11-12-at-11.18.30-6.jpeg","articleSection":["Noticia"],"inLanguage":"pt-PT","potentialAction":[{"@type":"CommentAction","name":"Comment","target":["https:\/\/www.isutc.ac.mz\/?p=12270#respond"]}]},{"@type":"WebPage","@id":"https:\/\/www.isutc.ac.mz\/?p=12270","url":"https:\/\/www.isutc.ac.mz\/?p=12270","name":"ISUTC deu In\u00edcio ao Mestrado em Gest\u00e3o Ambiental - ISUTC","isPartOf":{"@id":"https:\/\/www.isutc.ac.mz\/#website"},"primaryImageOfPage":{"@id":"https:\/\/www.isutc.ac.mz\/?p=12270#primaryimage"},"image":{"@id":"https:\/\/www.isutc.ac.mz\/?p=12270#primaryimage"},"thumbnailUrl":"https:\/\/www.isutc.ac.mz\/wp-content\/uploads\/2025\/12\/WhatsApp-Image-2025-11-12-at-11.18.30-6.jpeg","datePublished":"2025-12-09T13:20:40+00:00","dateModified":"2025-12-09T13:20:41+00:00","breadcrumb":{"@id":"https:\/\/www.isutc.ac.mz\/?p=12270#breadcrumb"},"inLanguage":"pt-PT","potentialAction":[{"@type":"ReadAction","target":["https:\/\/www.isutc.ac.mz\/?p=12270"]}]},{"@type":"ImageObject","inLanguage":"pt-PT","@id":"https:\/\/www.isutc.ac.mz\/?p=12270#primaryimage","url":"https:\/\/www.isutc.ac.mz\/wp-content\/uploads\/2025\/12\/WhatsApp-Image-2025-11-12-at-11.18.30-6.jpeg","contentUrl":"https:\/\/www.isutc.ac.mz\/wp-content\/uploads\/2025\/12\/WhatsApp-Image-2025-11-12-at-11.18.30-6.jpeg","width":1280,"height":960},{"@type":"BreadcrumbList","@id":"https:\/\/www.isutc.ac.mz\/?p=12270#breadcrumb","itemListElement":[{"@type":"ListItem","position":1,"name":"Home","item":"https:\/\/www.isutc.ac.mz\/"},{"@type":"ListItem","position":2,"name":"ISUTC deu In\u00edcio ao Mestrado em Gest\u00e3o Ambiental"}]},{"@type":"WebSite","@id":"https:\/\/www.isutc.ac.mz\/#website","url":"https:\/\/www.isutc.ac.mz\/","name":"ISUTC","description":"Instituto Superior de Transportes e Comunica\u00e7\u00f5es","publisher":{"@id":"https:\/\/www.isutc.ac.mz\/#organization"},"potentialAction":[{"@type":"SearchAction","target":{"@type":"EntryPoint","urlTemplate":"https:\/\/www.isutc.ac.mz\/?s={search_term_string}"},"query-input":{"@type":"PropertyValueSpecification","valueRequired":true,"valueName":"search_term_string"}}],"inLanguage":"pt-PT"},{"@type":"Organization","@id":"https:\/\/www.isutc.ac.mz\/#organization","name":"instituto superior de transportes e comunica\u00e7\u00f5es","url":"https:\/\/www.isutc.ac.mz\/","logo":{"@type":"ImageObject","inLanguage":"pt-PT","@id":"https:\/\/www.isutc.ac.mz\/#\/schema\/logo\/image\/","url":"https:\/\/www.isutc.ac.mz\/wp-content\/uploads\/2020\/08\/LOGO-20.png","contentUrl":"https:\/\/www.isutc.ac.mz\/wp-content\/uploads\/2020\/08\/LOGO-20.png","width":390,"height":105,"caption":"instituto superior de transportes e comunica\u00e7\u00f5es"},"image":{"@id":"https:\/\/www.isutc.ac.mz\/#\/schema\/logo\/image\/"},"sameAs":["https:\/\/pt-br.facebook.com\/isutc","https:\/\/www.instagram.com\/isutc.ac\/"]},{"@type":"Person","@id":"https:\/\/www.isutc.ac.mz\/#\/schema\/person\/91dac55d0c4a61cc39a90540a2aa9205","name":"Francisca Chacha","image":{"@type":"ImageObject","inLanguage":"pt-PT","@id":"https:\/\/www.isutc.ac.mz\/#\/schema\/person\/image\/","url":"https:\/\/secure.gravatar.com\/avatar\/1b22b2d08b8ef61c857aeaa08fac1cf21357b6ec7d91d342e408c93afe44a831?s=96&d=mm&r=g","contentUrl":"https:\/\/secure.gravatar.com\/avatar\/1b22b2d08b8ef61c857aeaa08fac1cf21357b6ec7d91d342e408c93afe44a831?s=96&d=mm&r=g","caption":"Francisca Chacha"},"url":"https:\/\/www.isutc.ac.mz\/?author=17"}]}},"_links":{"self":[{"href":"https:\/\/www.isutc.ac.mz\/index.php?rest_route=\/wp\/v2\/posts\/12270","targetHints":{"allow":["GET"]}}],"collection":[{"href":"https:\/\/www.isutc.ac.mz\/index.php?rest_route=\/wp\/v2\/posts"}],"about":[{"href":"https:\/\/www.isutc.ac.mz\/index.php?rest_route=\/wp\/v2\/types\/post"}],"author":[{"embeddable":true,"href":"https:\/\/www.isutc.ac.mz\/index.php?rest_route=\/wp\/v2\/users\/17"}],"replies":[{"embeddable":true,"href":"https:\/\/www.isutc.ac.mz\/index.php?rest_route=%2Fwp%2Fv2%2Fcomments&post=12270"}],"version-history":[{"count":1,"href":"https:\/\/www.isutc.ac.mz\/index.php?rest_route=\/wp\/v2\/posts\/12270\/revisions"}],"predecessor-version":[{"id":12272,"href":"https:\/\/www.isutc.ac.mz\/index.php?rest_route=\/wp\/v2\/posts\/12270\/revisions\/12272"}],"wp:featuredmedia":[{"embeddable":true,"href":"https:\/\/www.isutc.ac.mz\/index.php?rest_route=\/wp\/v2\/media\/12271"}],"wp:attachment":[{"href":"https:\/\/www.isutc.ac.mz\/index.php?rest_route=%2Fwp%2Fv2%2Fmedia&parent=12270"}],"wp:term":[{"taxonomy":"category","embeddable":true,"href":"https:\/\/www.isutc.ac.mz\/index.php?rest_route=%2Fwp%2Fv2%2Fcategories&post=12270"},{"taxonomy":"post_tag","embeddable":true,"href":"https:\/\/www.isutc.ac.mz\/index.php?rest_route=%2Fwp%2Fv2%2Ftags&post=12270"}],"curies":[{"name":"wp","href":"https:\/\/api.w.org\/{rel}","templated":true}]}}