
{"id":12276,"date":"2025-12-09T13:42:52","date_gmt":"2025-12-09T13:42:52","guid":{"rendered":"https:\/\/www.isutc.ac.mz\/?p=12276"},"modified":"2025-12-16T14:06:29","modified_gmt":"2025-12-16T14:06:29","slug":"transcom-assinala-encerramento-dos-25-anos-do-isutc-em-encontro-institucional-com-parceiros-e-representantes-oficiais","status":"publish","type":"post","link":"https:\/\/www.isutc.ac.mz\/?p=12276","title":{"rendered":"ISUTC celebra os 25 anos  com parceiros e representantes oficiais"},"content":{"rendered":"\n<p>O Instituto Superior de Transportes e Comunica\u00e7\u00f5es (ISUTC) realizou, no dia 21 de Novembro, um encontro institucional destinado a assinalar o encerramento formal das comemora\u00e7\u00f5es dos seus 25 anos. O evento reuniu a Administra\u00e7\u00e3o da Transcom, corpo docente, antigos docentes, colaboradores, alumni, parceiros institucionais, representantes diplom\u00e1ticos, autoridades governamentais e membros da comunidade acad\u00e9mica, incluindo a AEISUTC.<\/p>\n\n\n\n<p>No seu discurso, o Presidente do Conselho de Administra\u00e7\u00e3o da Transcom, <strong>Dr. Jorge Costa<\/strong>, recordou o in\u00edcio da institui\u00e7\u00e3o, as suas conquistas e o percurso constru\u00eddo ao longo de duas d\u00e9cadas e meia. Concluiu com uma reflex\u00e3o de Mahatma Gandhi \u2014 <em>\u201cFelicidade \u00e9 quando o que pensas, o que dizes e o que fazes est\u00e3o em harmonia.\u201d<\/em> \u2014 sublinhando a import\u00e2ncia da coer\u00eancia e do prop\u00f3sito na educa\u00e7\u00e3o e na lideran\u00e7a.<\/p>\n\n\n\n<p>O Director-Geral do ISUTC, <strong>Prof. Fernando Leite<\/strong>, relembrou epis\u00f3dios marcantes da hist\u00f3ria da institui\u00e7\u00e3o e expressou agradecimento ao corpo docente, ao sector pedag\u00f3gico, \u00e0 equipa administrativa e \u00e0 Transcom, destacando o contributo do <strong>Eng. Lu\u00eds Almeida<\/strong>, Administrador-Delegado da Transcom, pelo envolvimento directo na organiza\u00e7\u00e3o do encontro e pelo apoio cont\u00ednuo ao desenvolvimento institucional.<\/p>\n\n\n\n<p>A presen\u00e7a de representantes diplom\u00e1ticos, do Governo da Rep\u00fablica de Mo\u00e7ambique e do Conselho Municipal de Maputo conferiu prest\u00edgio ao momento, refor\u00e7ando o di\u00e1logo com parceiros nacionais e internacionais. Ao concluir este ciclo comemorativo, o ISUTC reafirma o seu compromisso com a excel\u00eancia acad\u00e9mica, a inova\u00e7\u00e3o, a empregabilidade e o contributo para o desenvolvimento econ\u00f3mico e tecnol\u00f3gico de Mo\u00e7ambique.<\/p>\n\n\n\n<figure class=\"wp-block-gallery has-nested-images columns-default is-cropped wp-block-gallery-1 is-layout-flex wp-block-gallery-is-layout-flex\">\n<figure class=\"wp-block-image size-large\"><a href=\"https:\/\/www.isutc.ac.mz\/wp-content\/uploads\/2025\/12\/Administrador-delegado.jpg\"><img loading=\"lazy\" decoding=\"async\" width=\"683\" height=\"1024\" data-id=\"12280\" src=\"https:\/\/www.isutc.ac.mz\/wp-content\/uploads\/2025\/12\/Administrador-delegado-683x1024.jpg\" alt=\"\" class=\"wp-image-12280\" srcset=\"https:\/\/www.isutc.ac.mz\/wp-content\/uploads\/2025\/12\/Administrador-delegado-683x1024.jpg 683w, https:\/\/www.isutc.ac.mz\/wp-content\/uploads\/2025\/12\/Administrador-delegado-200x300.jpg 200w, https:\/\/www.isutc.ac.mz\/wp-content\/uploads\/2025\/12\/Administrador-delegado-768x1152.jpg 768w, https:\/\/www.isutc.ac.mz\/wp-content\/uploads\/2025\/12\/Administrador-delegado-1024x1536.jpg 1024w, https:\/\/www.isutc.ac.mz\/wp-content\/uploads\/2025\/12\/Administrador-delegado.jpg 1365w\" sizes=\"auto, (max-width: 683px) 100vw, 683px\" \/><\/a><\/figure>\n\n\n\n<figure class=\"wp-block-image size-large\"><a href=\"https:\/\/www.isutc.ac.mz\/wp-content\/uploads\/2025\/12\/Corte-do-Bolo-PCA-E-DG.jpg\"><img loading=\"lazy\" decoding=\"async\" width=\"1024\" height=\"683\" data-id=\"12278\" src=\"https:\/\/www.isutc.ac.mz\/wp-content\/uploads\/2025\/12\/Corte-do-Bolo-PCA-E-DG-1024x683.jpg\" alt=\"\" class=\"wp-image-12278\" srcset=\"https:\/\/www.isutc.ac.mz\/wp-content\/uploads\/2025\/12\/Corte-do-Bolo-PCA-E-DG-1024x683.jpg 1024w, https:\/\/www.isutc.ac.mz\/wp-content\/uploads\/2025\/12\/Corte-do-Bolo-PCA-E-DG-300x200.jpg 300w, https:\/\/www.isutc.ac.mz\/wp-content\/uploads\/2025\/12\/Corte-do-Bolo-PCA-E-DG-768x512.jpg 768w, https:\/\/www.isutc.ac.mz\/wp-content\/uploads\/2025\/12\/Corte-do-Bolo-PCA-E-DG-1536x1024.jpg 1536w, https:\/\/www.isutc.ac.mz\/wp-content\/uploads\/2025\/12\/Corte-do-Bolo-PCA-E-DG.jpg 2048w\" sizes=\"auto, (max-width: 1024px) 100vw, 1024px\" \/><\/a><\/figure>\n\n\n\n<figure class=\"wp-block-image size-large\"><a href=\"https:\/\/www.isutc.ac.mz\/wp-content\/uploads\/2025\/12\/DG-Copia.jpg\"><img loading=\"lazy\" decoding=\"async\" width=\"1024\" height=\"683\" data-id=\"12281\" src=\"https:\/\/www.isutc.ac.mz\/wp-content\/uploads\/2025\/12\/DG-Copia-1024x683.jpg\" alt=\"\" class=\"wp-image-12281\" srcset=\"https:\/\/www.isutc.ac.mz\/wp-content\/uploads\/2025\/12\/DG-Copia-1024x683.jpg 1024w, https:\/\/www.isutc.ac.mz\/wp-content\/uploads\/2025\/12\/DG-Copia-300x200.jpg 300w, https:\/\/www.isutc.ac.mz\/wp-content\/uploads\/2025\/12\/DG-Copia-768x512.jpg 768w, https:\/\/www.isutc.ac.mz\/wp-content\/uploads\/2025\/12\/DG-Copia-1536x1024.jpg 1536w, https:\/\/www.isutc.ac.mz\/wp-content\/uploads\/2025\/12\/DG-Copia.jpg 2048w\" sizes=\"auto, (max-width: 1024px) 100vw, 1024px\" \/><\/a><\/figure>\n\n\n\n<figure class=\"wp-block-image size-large\"><a href=\"https:\/\/www.isutc.ac.mz\/wp-content\/uploads\/2025\/12\/DG.jpg\"><img loading=\"lazy\" decoding=\"async\" width=\"1024\" height=\"683\" data-id=\"12279\" src=\"https:\/\/www.isutc.ac.mz\/wp-content\/uploads\/2025\/12\/DG-1024x683.jpg\" alt=\"\" class=\"wp-image-12279\" srcset=\"https:\/\/www.isutc.ac.mz\/wp-content\/uploads\/2025\/12\/DG-1024x683.jpg 1024w, https:\/\/www.isutc.ac.mz\/wp-content\/uploads\/2025\/12\/DG-300x200.jpg 300w, https:\/\/www.isutc.ac.mz\/wp-content\/uploads\/2025\/12\/DG-768x512.jpg 768w, https:\/\/www.isutc.ac.mz\/wp-content\/uploads\/2025\/12\/DG-1536x1024.jpg 1536w, https:\/\/www.isutc.ac.mz\/wp-content\/uploads\/2025\/12\/DG.jpg 2048w\" sizes=\"auto, (max-width: 1024px) 100vw, 1024px\" \/><\/a><\/figure>\n\n\n\n<figure class=\"wp-block-image size-large\"><a href=\"https:\/\/www.isutc.ac.mz\/wp-content\/uploads\/2025\/12\/Governo-e-Santa-casa-da-mesericordia-PT.jpg\"><img loading=\"lazy\" decoding=\"async\" width=\"683\" height=\"1024\" data-id=\"12277\" src=\"https:\/\/www.isutc.ac.mz\/wp-content\/uploads\/2025\/12\/Governo-e-Santa-casa-da-mesericordia-PT-683x1024.jpg\" alt=\"\" class=\"wp-image-12277\" srcset=\"https:\/\/www.isutc.ac.mz\/wp-content\/uploads\/2025\/12\/Governo-e-Santa-casa-da-mesericordia-PT-683x1024.jpg 683w, https:\/\/www.isutc.ac.mz\/wp-content\/uploads\/2025\/12\/Governo-e-Santa-casa-da-mesericordia-PT-200x300.jpg 200w, https:\/\/www.isutc.ac.mz\/wp-content\/uploads\/2025\/12\/Governo-e-Santa-casa-da-mesericordia-PT-768x1152.jpg 768w, https:\/\/www.isutc.ac.mz\/wp-content\/uploads\/2025\/12\/Governo-e-Santa-casa-da-mesericordia-PT-1024x1536.jpg 1024w, https:\/\/www.isutc.ac.mz\/wp-content\/uploads\/2025\/12\/Governo-e-Santa-casa-da-mesericordia-PT.jpg 1365w\" sizes=\"auto, (max-width: 683px) 100vw, 683px\" \/><\/a><\/figure>\n\n\n\n<figure class=\"wp-block-image size-large\"><a href=\"https:\/\/www.isutc.ac.mz\/wp-content\/uploads\/2025\/12\/Docentes-Coordenadores-ISUTC.jpg\"><img loading=\"lazy\" decoding=\"async\" width=\"1024\" height=\"683\" data-id=\"12289\" src=\"https:\/\/www.isutc.ac.mz\/wp-content\/uploads\/2025\/12\/Docentes-Coordenadores-ISUTC-1024x683.jpg\" alt=\"\" class=\"wp-image-12289\" srcset=\"https:\/\/www.isutc.ac.mz\/wp-content\/uploads\/2025\/12\/Docentes-Coordenadores-ISUTC-1024x683.jpg 1024w, https:\/\/www.isutc.ac.mz\/wp-content\/uploads\/2025\/12\/Docentes-Coordenadores-ISUTC-300x200.jpg 300w, https:\/\/www.isutc.ac.mz\/wp-content\/uploads\/2025\/12\/Docentes-Coordenadores-ISUTC-768x512.jpg 768w, https:\/\/www.isutc.ac.mz\/wp-content\/uploads\/2025\/12\/Docentes-Coordenadores-ISUTC-1536x1024.jpg 1536w, https:\/\/www.isutc.ac.mz\/wp-content\/uploads\/2025\/12\/Docentes-Coordenadores-ISUTC.jpg 2048w\" sizes=\"auto, (max-width: 1024px) 100vw, 1024px\" \/><\/a><\/figure>\n<\/figure>\n\n\n\n<figure class=\"wp-block-embed is-type-video is-provider-youtube wp-block-embed-youtube wp-embed-aspect-16-9 wp-has-aspect-ratio\"><div class=\"wp-block-embed__wrapper\">\n<iframe loading=\"lazy\" title=\"Jantar 25 anos do ISUTC\" width=\"500\" height=\"281\" src=\"https:\/\/www.youtube.com\/embed\/k1qdgGqDJnc?feature=oembed\" frameborder=\"0\" allow=\"accelerometer; autoplay; clipboard-write; encrypted-media; gyroscope; picture-in-picture; web-share\" referrerpolicy=\"strict-origin-when-cross-origin\" allowfullscreen><\/iframe>\n<\/div><\/figure>\n","protected":false},"excerpt":{"rendered":"<p>O Instituto Superior de Transportes e Comunica\u00e7\u00f5es (ISUTC) realizou, no dia 21 de Novembro, um encontro institucional destinado a assinalar o encerramento formal das comemora\u00e7\u00f5es dos seus 25 anos. O evento reuniu a Administra\u00e7\u00e3o da Transcom, corpo docente, antigos docentes, colaboradores, alumni, parceiros institucionais, representantes diplom\u00e1ticos, autoridades governamentais e membros da comunidade acad\u00e9mica, incluindo a [&hellip;]<\/p>\n","protected":false},"author":17,"featured_media":12278,"comment_status":"open","ping_status":"open","sticky":false,"template":"","format":"standard","meta":{"footnotes":""},"categories":[5],"tags":[],"class_list":["post-12276","post","type-post","status-publish","format-standard","has-post-thumbnail","hentry","category-noticia"],"yoast_head":"<!-- This site is optimized with the Yoast SEO plugin v26.9 - https:\/\/yoast.com\/product\/yoast-seo-wordpress\/ -->\n<title>ISUTC celebra os 25 anos com parceiros e representantes oficiais - ISUTC<\/title>\n<meta name=\"robots\" content=\"index, follow, max-snippet:-1, max-image-preview:large, max-video-preview:-1\" \/>\n<link rel=\"canonical\" href=\"https:\/\/www.isutc.ac.mz\/?p=12276\" \/>\n<meta property=\"og:locale\" content=\"pt_PT\" \/>\n<meta property=\"og:type\" content=\"article\" \/>\n<meta property=\"og:title\" content=\"ISUTC celebra os 25 anos com parceiros e representantes oficiais - ISUTC\" \/>\n<meta property=\"og:description\" content=\"O Instituto Superior de Transportes e Comunica\u00e7\u00f5es (ISUTC) realizou, no dia 21 de Novembro, um encontro institucional destinado a assinalar o encerramento formal das comemora\u00e7\u00f5es dos seus 25 anos. O evento reuniu a Administra\u00e7\u00e3o da Transcom, corpo docente, antigos docentes, colaboradores, alumni, parceiros institucionais, representantes diplom\u00e1ticos, autoridades governamentais e membros da comunidade acad\u00e9mica, incluindo a [&hellip;]\" \/>\n<meta property=\"og:url\" content=\"https:\/\/www.isutc.ac.mz\/?p=12276\" \/>\n<meta property=\"og:site_name\" content=\"ISUTC\" \/>\n<meta property=\"article:publisher\" content=\"https:\/\/pt-br.facebook.com\/isutc\" \/>\n<meta property=\"article:published_time\" content=\"2025-12-09T13:42:52+00:00\" \/>\n<meta property=\"article:modified_time\" content=\"2025-12-16T14:06:29+00:00\" \/>\n<meta property=\"og:image\" content=\"https:\/\/www.isutc.ac.mz\/wp-content\/uploads\/2025\/12\/Corte-do-Bolo-PCA-E-DG.jpg\" \/>\n\t<meta property=\"og:image:width\" content=\"2048\" \/>\n\t<meta property=\"og:image:height\" content=\"1365\" \/>\n\t<meta property=\"og:image:type\" content=\"image\/jpeg\" \/>\n<meta name=\"author\" content=\"Francisca Chacha\" \/>\n<meta name=\"twitter:card\" content=\"summary_large_image\" \/>\n<meta name=\"twitter:label1\" content=\"Escrito por\" \/>\n\t<meta name=\"twitter:data1\" content=\"Francisca Chacha\" \/>\n\t<meta name=\"twitter:label2\" content=\"Tempo estimado de leitura\" \/>\n\t<meta name=\"twitter:data2\" content=\"3 minutos\" \/>\n<script type=\"application\/ld+json\" class=\"yoast-schema-graph\">{\"@context\":\"https:\/\/schema.org\",\"@graph\":[{\"@type\":\"Article\",\"@id\":\"https:\/\/www.isutc.ac.mz\/?p=12276#article\",\"isPartOf\":{\"@id\":\"https:\/\/www.isutc.ac.mz\/?p=12276\"},\"author\":{\"name\":\"Francisca Chacha\",\"@id\":\"https:\/\/www.isutc.ac.mz\/#\/schema\/person\/91dac55d0c4a61cc39a90540a2aa9205\"},\"headline\":\"ISUTC celebra os 25 anos com parceiros e representantes oficiais\",\"datePublished\":\"2025-12-09T13:42:52+00:00\",\"dateModified\":\"2025-12-16T14:06:29+00:00\",\"mainEntityOfPage\":{\"@id\":\"https:\/\/www.isutc.ac.mz\/?p=12276\"},\"wordCount\":283,\"commentCount\":0,\"publisher\":{\"@id\":\"https:\/\/www.isutc.ac.mz\/#organization\"},\"image\":{\"@id\":\"https:\/\/www.isutc.ac.mz\/?p=12276#primaryimage\"},\"thumbnailUrl\":\"https:\/\/www.isutc.ac.mz\/wp-content\/uploads\/2025\/12\/Corte-do-Bolo-PCA-E-DG.jpg\",\"articleSection\":[\"Noticia\"],\"inLanguage\":\"pt-PT\",\"potentialAction\":[{\"@type\":\"CommentAction\",\"name\":\"Comment\",\"target\":[\"https:\/\/www.isutc.ac.mz\/?p=12276#respond\"]}]},{\"@type\":\"WebPage\",\"@id\":\"https:\/\/www.isutc.ac.mz\/?p=12276\",\"url\":\"https:\/\/www.isutc.ac.mz\/?p=12276\",\"name\":\"ISUTC celebra os 25 anos com parceiros e representantes oficiais - ISUTC\",\"isPartOf\":{\"@id\":\"https:\/\/www.isutc.ac.mz\/#website\"},\"primaryImageOfPage\":{\"@id\":\"https:\/\/www.isutc.ac.mz\/?p=12276#primaryimage\"},\"image\":{\"@id\":\"https:\/\/www.isutc.ac.mz\/?p=12276#primaryimage\"},\"thumbnailUrl\":\"https:\/\/www.isutc.ac.mz\/wp-content\/uploads\/2025\/12\/Corte-do-Bolo-PCA-E-DG.jpg\",\"datePublished\":\"2025-12-09T13:42:52+00:00\",\"dateModified\":\"2025-12-16T14:06:29+00:00\",\"breadcrumb\":{\"@id\":\"https:\/\/www.isutc.ac.mz\/?p=12276#breadcrumb\"},\"inLanguage\":\"pt-PT\",\"potentialAction\":[{\"@type\":\"ReadAction\",\"target\":[\"https:\/\/www.isutc.ac.mz\/?p=12276\"]}]},{\"@type\":\"ImageObject\",\"inLanguage\":\"pt-PT\",\"@id\":\"https:\/\/www.isutc.ac.mz\/?p=12276#primaryimage\",\"url\":\"https:\/\/www.isutc.ac.mz\/wp-content\/uploads\/2025\/12\/Corte-do-Bolo-PCA-E-DG.jpg\",\"contentUrl\":\"https:\/\/www.isutc.ac.mz\/wp-content\/uploads\/2025\/12\/Corte-do-Bolo-PCA-E-DG.jpg\",\"width\":2048,\"height\":1365},{\"@type\":\"BreadcrumbList\",\"@id\":\"https:\/\/www.isutc.ac.mz\/?p=12276#breadcrumb\",\"itemListElement\":[{\"@type\":\"ListItem\",\"position\":1,\"name\":\"Home\",\"item\":\"https:\/\/www.isutc.ac.mz\/\"},{\"@type\":\"ListItem\",\"position\":2,\"name\":\"ISUTC celebra os 25 anos com parceiros e representantes oficiais\"}]},{\"@type\":\"WebSite\",\"@id\":\"https:\/\/www.isutc.ac.mz\/#website\",\"url\":\"https:\/\/www.isutc.ac.mz\/\",\"name\":\"ISUTC\",\"description\":\"Instituto Superior de Transportes e Comunica\u00e7\u00f5es\",\"publisher\":{\"@id\":\"https:\/\/www.isutc.ac.mz\/#organization\"},\"potentialAction\":[{\"@type\":\"SearchAction\",\"target\":{\"@type\":\"EntryPoint\",\"urlTemplate\":\"https:\/\/www.isutc.ac.mz\/?s={search_term_string}\"},\"query-input\":{\"@type\":\"PropertyValueSpecification\",\"valueRequired\":true,\"valueName\":\"search_term_string\"}}],\"inLanguage\":\"pt-PT\"},{\"@type\":\"Organization\",\"@id\":\"https:\/\/www.isutc.ac.mz\/#organization\",\"name\":\"instituto superior de transportes e comunica\u00e7\u00f5es\",\"url\":\"https:\/\/www.isutc.ac.mz\/\",\"logo\":{\"@type\":\"ImageObject\",\"inLanguage\":\"pt-PT\",\"@id\":\"https:\/\/www.isutc.ac.mz\/#\/schema\/logo\/image\/\",\"url\":\"https:\/\/www.isutc.ac.mz\/wp-content\/uploads\/2020\/08\/LOGO-20.png\",\"contentUrl\":\"https:\/\/www.isutc.ac.mz\/wp-content\/uploads\/2020\/08\/LOGO-20.png\",\"width\":390,\"height\":105,\"caption\":\"instituto superior de transportes e comunica\u00e7\u00f5es\"},\"image\":{\"@id\":\"https:\/\/www.isutc.ac.mz\/#\/schema\/logo\/image\/\"},\"sameAs\":[\"https:\/\/pt-br.facebook.com\/isutc\",\"https:\/\/www.instagram.com\/isutc.ac\/\"]},{\"@type\":\"Person\",\"@id\":\"https:\/\/www.isutc.ac.mz\/#\/schema\/person\/91dac55d0c4a61cc39a90540a2aa9205\",\"name\":\"Francisca Chacha\",\"image\":{\"@type\":\"ImageObject\",\"inLanguage\":\"pt-PT\",\"@id\":\"https:\/\/www.isutc.ac.mz\/#\/schema\/person\/image\/\",\"url\":\"https:\/\/secure.gravatar.com\/avatar\/1b22b2d08b8ef61c857aeaa08fac1cf21357b6ec7d91d342e408c93afe44a831?s=96&d=mm&r=g\",\"contentUrl\":\"https:\/\/secure.gravatar.com\/avatar\/1b22b2d08b8ef61c857aeaa08fac1cf21357b6ec7d91d342e408c93afe44a831?s=96&d=mm&r=g\",\"caption\":\"Francisca Chacha\"},\"url\":\"https:\/\/www.isutc.ac.mz\/?author=17\"}]}<\/script>\n<!-- \/ Yoast SEO plugin. -->","yoast_head_json":{"title":"ISUTC celebra os 25 anos com parceiros e representantes oficiais - ISUTC","robots":{"index":"index","follow":"follow","max-snippet":"max-snippet:-1","max-image-preview":"max-image-preview:large","max-video-preview":"max-video-preview:-1"},"canonical":"https:\/\/www.isutc.ac.mz\/?p=12276","og_locale":"pt_PT","og_type":"article","og_title":"ISUTC celebra os 25 anos com parceiros e representantes oficiais - ISUTC","og_description":"O Instituto Superior de Transportes e Comunica\u00e7\u00f5es (ISUTC) realizou, no dia 21 de Novembro, um encontro institucional destinado a assinalar o encerramento formal das comemora\u00e7\u00f5es dos seus 25 anos. O evento reuniu a Administra\u00e7\u00e3o da Transcom, corpo docente, antigos docentes, colaboradores, alumni, parceiros institucionais, representantes diplom\u00e1ticos, autoridades governamentais e membros da comunidade acad\u00e9mica, incluindo a [&hellip;]","og_url":"https:\/\/www.isutc.ac.mz\/?p=12276","og_site_name":"ISUTC","article_publisher":"https:\/\/pt-br.facebook.com\/isutc","article_published_time":"2025-12-09T13:42:52+00:00","article_modified_time":"2025-12-16T14:06:29+00:00","og_image":[{"width":2048,"height":1365,"url":"https:\/\/www.isutc.ac.mz\/wp-content\/uploads\/2025\/12\/Corte-do-Bolo-PCA-E-DG.jpg","type":"image\/jpeg"}],"author":"Francisca Chacha","twitter_card":"summary_large_image","twitter_misc":{"Escrito por":"Francisca Chacha","Tempo estimado de leitura":"3 minutos"},"schema":{"@context":"https:\/\/schema.org","@graph":[{"@type":"Article","@id":"https:\/\/www.isutc.ac.mz\/?p=12276#article","isPartOf":{"@id":"https:\/\/www.isutc.ac.mz\/?p=12276"},"author":{"name":"Francisca Chacha","@id":"https:\/\/www.isutc.ac.mz\/#\/schema\/person\/91dac55d0c4a61cc39a90540a2aa9205"},"headline":"ISUTC celebra os 25 anos com parceiros e representantes oficiais","datePublished":"2025-12-09T13:42:52+00:00","dateModified":"2025-12-16T14:06:29+00:00","mainEntityOfPage":{"@id":"https:\/\/www.isutc.ac.mz\/?p=12276"},"wordCount":283,"commentCount":0,"publisher":{"@id":"https:\/\/www.isutc.ac.mz\/#organization"},"image":{"@id":"https:\/\/www.isutc.ac.mz\/?p=12276#primaryimage"},"thumbnailUrl":"https:\/\/www.isutc.ac.mz\/wp-content\/uploads\/2025\/12\/Corte-do-Bolo-PCA-E-DG.jpg","articleSection":["Noticia"],"inLanguage":"pt-PT","potentialAction":[{"@type":"CommentAction","name":"Comment","target":["https:\/\/www.isutc.ac.mz\/?p=12276#respond"]}]},{"@type":"WebPage","@id":"https:\/\/www.isutc.ac.mz\/?p=12276","url":"https:\/\/www.isutc.ac.mz\/?p=12276","name":"ISUTC celebra os 25 anos com parceiros e representantes oficiais - ISUTC","isPartOf":{"@id":"https:\/\/www.isutc.ac.mz\/#website"},"primaryImageOfPage":{"@id":"https:\/\/www.isutc.ac.mz\/?p=12276#primaryimage"},"image":{"@id":"https:\/\/www.isutc.ac.mz\/?p=12276#primaryimage"},"thumbnailUrl":"https:\/\/www.isutc.ac.mz\/wp-content\/uploads\/2025\/12\/Corte-do-Bolo-PCA-E-DG.jpg","datePublished":"2025-12-09T13:42:52+00:00","dateModified":"2025-12-16T14:06:29+00:00","breadcrumb":{"@id":"https:\/\/www.isutc.ac.mz\/?p=12276#breadcrumb"},"inLanguage":"pt-PT","potentialAction":[{"@type":"ReadAction","target":["https:\/\/www.isutc.ac.mz\/?p=12276"]}]},{"@type":"ImageObject","inLanguage":"pt-PT","@id":"https:\/\/www.isutc.ac.mz\/?p=12276#primaryimage","url":"https:\/\/www.isutc.ac.mz\/wp-content\/uploads\/2025\/12\/Corte-do-Bolo-PCA-E-DG.jpg","contentUrl":"https:\/\/www.isutc.ac.mz\/wp-content\/uploads\/2025\/12\/Corte-do-Bolo-PCA-E-DG.jpg","width":2048,"height":1365},{"@type":"BreadcrumbList","@id":"https:\/\/www.isutc.ac.mz\/?p=12276#breadcrumb","itemListElement":[{"@type":"ListItem","position":1,"name":"Home","item":"https:\/\/www.isutc.ac.mz\/"},{"@type":"ListItem","position":2,"name":"ISUTC celebra os 25 anos com parceiros e representantes oficiais"}]},{"@type":"WebSite","@id":"https:\/\/www.isutc.ac.mz\/#website","url":"https:\/\/www.isutc.ac.mz\/","name":"ISUTC","description":"Instituto Superior de Transportes e Comunica\u00e7\u00f5es","publisher":{"@id":"https:\/\/www.isutc.ac.mz\/#organization"},"potentialAction":[{"@type":"SearchAction","target":{"@type":"EntryPoint","urlTemplate":"https:\/\/www.isutc.ac.mz\/?s={search_term_string}"},"query-input":{"@type":"PropertyValueSpecification","valueRequired":true,"valueName":"search_term_string"}}],"inLanguage":"pt-PT"},{"@type":"Organization","@id":"https:\/\/www.isutc.ac.mz\/#organization","name":"instituto superior de transportes e comunica\u00e7\u00f5es","url":"https:\/\/www.isutc.ac.mz\/","logo":{"@type":"ImageObject","inLanguage":"pt-PT","@id":"https:\/\/www.isutc.ac.mz\/#\/schema\/logo\/image\/","url":"https:\/\/www.isutc.ac.mz\/wp-content\/uploads\/2020\/08\/LOGO-20.png","contentUrl":"https:\/\/www.isutc.ac.mz\/wp-content\/uploads\/2020\/08\/LOGO-20.png","width":390,"height":105,"caption":"instituto superior de transportes e comunica\u00e7\u00f5es"},"image":{"@id":"https:\/\/www.isutc.ac.mz\/#\/schema\/logo\/image\/"},"sameAs":["https:\/\/pt-br.facebook.com\/isutc","https:\/\/www.instagram.com\/isutc.ac\/"]},{"@type":"Person","@id":"https:\/\/www.isutc.ac.mz\/#\/schema\/person\/91dac55d0c4a61cc39a90540a2aa9205","name":"Francisca Chacha","image":{"@type":"ImageObject","inLanguage":"pt-PT","@id":"https:\/\/www.isutc.ac.mz\/#\/schema\/person\/image\/","url":"https:\/\/secure.gravatar.com\/avatar\/1b22b2d08b8ef61c857aeaa08fac1cf21357b6ec7d91d342e408c93afe44a831?s=96&d=mm&r=g","contentUrl":"https:\/\/secure.gravatar.com\/avatar\/1b22b2d08b8ef61c857aeaa08fac1cf21357b6ec7d91d342e408c93afe44a831?s=96&d=mm&r=g","caption":"Francisca Chacha"},"url":"https:\/\/www.isutc.ac.mz\/?author=17"}]}},"_links":{"self":[{"href":"https:\/\/www.isutc.ac.mz\/index.php?rest_route=\/wp\/v2\/posts\/12276","targetHints":{"allow":["GET"]}}],"collection":[{"href":"https:\/\/www.isutc.ac.mz\/index.php?rest_route=\/wp\/v2\/posts"}],"about":[{"href":"https:\/\/www.isutc.ac.mz\/index.php?rest_route=\/wp\/v2\/types\/post"}],"author":[{"embeddable":true,"href":"https:\/\/www.isutc.ac.mz\/index.php?rest_route=\/wp\/v2\/users\/17"}],"replies":[{"embeddable":true,"href":"https:\/\/www.isutc.ac.mz\/index.php?rest_route=%2Fwp%2Fv2%2Fcomments&post=12276"}],"version-history":[{"count":2,"href":"https:\/\/www.isutc.ac.mz\/index.php?rest_route=\/wp\/v2\/posts\/12276\/revisions"}],"predecessor-version":[{"id":12290,"href":"https:\/\/www.isutc.ac.mz\/index.php?rest_route=\/wp\/v2\/posts\/12276\/revisions\/12290"}],"wp:featuredmedia":[{"embeddable":true,"href":"https:\/\/www.isutc.ac.mz\/index.php?rest_route=\/wp\/v2\/media\/12278"}],"wp:attachment":[{"href":"https:\/\/www.isutc.ac.mz\/index.php?rest_route=%2Fwp%2Fv2%2Fmedia&parent=12276"}],"wp:term":[{"taxonomy":"category","embeddable":true,"href":"https:\/\/www.isutc.ac.mz\/index.php?rest_route=%2Fwp%2Fv2%2Fcategories&post=12276"},{"taxonomy":"post_tag","embeddable":true,"href":"https:\/\/www.isutc.ac.mz\/index.php?rest_route=%2Fwp%2Fv2%2Ftags&post=12276"}],"curies":[{"name":"wp","href":"https:\/\/api.w.org\/{rel}","templated":true}]}}