
{"id":12657,"date":"2026-01-28T10:50:22","date_gmt":"2026-01-28T10:50:22","guid":{"rendered":"https:\/\/www.isutc.ac.mz\/?p=12657"},"modified":"2026-04-02T13:15:34","modified_gmt":"2026-04-02T13:15:34","slug":"isu-research-vol-iii-no-2","status":"publish","type":"post","link":"https:\/\/www.isutc.ac.mz\/?p=12657","title":{"rendered":"ISU-RESEARCH &#8211; VOL. III &#8211; N\u00ba 2"},"content":{"rendered":"\n<p class=\"has-text-align-left\">\u00c9 com elevada satisfa\u00e7\u00e3o que apresentamos o segundo n\u00famero do III Volume (2025) da ISU-RESEARCH, revista cient\u00edfica do Instituto Superior de Transportes e Comunica\u00e7\u00f5es (ISUTC). Este n\u00famero \u00e9 uma edi\u00e7\u00e3o especial dedicada ao \u201cI Simp\u00f3sio Internacional sobre Gest\u00e3o, Inova\u00e7\u00e3o, Lideran\u00e7a e Sustentabilidade do ISUTC\u201d. Este evento, realizado com sucesso em nos dias 08 e 09 de Outubro de 2025, reuniu acad\u00e9micos e especialistas nacionais e internacionais da comunidade lus\u00f3fona, e serviu de um amplo espa\u00e7o para debates, reflex\u00f5es e troca de experi\u00eancias sobre os desafios e as tend\u00eancias actuais em gest\u00e3o e governa\u00e7\u00e3o, lideran\u00e7a e sustentabilidade.<\/p>\n\n\n\n<p class=\"has-text-align-left\">Este n\u00famero especial re\u00fane 9 artigos, revistos por pares, oriundos dos trabalhos apresentados no evento. Eles abrangem tem\u00e1ticas variadas, indo do Marketing, Comunica\u00e7\u00e3o e Digitaliza\u00e7\u00e3o, passando pela Gest\u00e3o e Governa\u00e7\u00e3o at\u00e9 e Inova\u00e7\u00e3o e Sustentabilidade. Al\u00e9m de perpetuar os resultados deste rico encontro, este n\u00famero fomenta o debate cont\u00ednuo sobre pr\u00e1ticas eficazes nestas \u00e1reas<\/p>\n\n\n\n<p>Os artigos deste segundo n\u00famero do Volume III da ISU-RESEARCH (2025), publicado em 31 de Dezembro de 2025, est\u00e3o listados a seguir. <\/p>\n\n\n\n<p>1.<a href=\"https:\/\/www.isutc.ac.mz\/?p=12658\">A rela\u00e7\u00e3o da Gera\u00e7\u00e3o Z com a sustentabilidade: uma abordagem multidimensional das pr\u00e1ticas, percep\u00e7\u00f5es e desafios em Portugal &#8211;<\/a> Carla Fonseca e Carolina Oliveira Santos<\/p>\n\n\n\n<p>2.<a href=\"https:\/\/www.isutc.ac.mz\/?p=12662\">Do marketing tradicional ao digital: relacionamento, tecnologia e confian\u00e7a na era da informa\u00e7\u00e3o<\/a> &#8211; Ana Filipa Joaquim<\/p>\n\n\n\n<p>3. <a href=\"https:\/\/www.isutc.ac.mz\/?p=12668\">O impacto da globaliza\u00e7\u00e3o e da integra\u00e7\u00e3o econ\u00f3mica regional na sustentabilidade das Pequenas e M\u00e9dias Empresas de constru\u00e7\u00e3o civil na Prov\u00edncia de Sofala \u2013 Mo\u00e7ambique: uma revis\u00e3o sistem\u00e1tica das dimens\u00f5es da sustentabilidade<\/a> &#8211; Adalberto Paulino F. Armindo e Jos\u00e9 Ant\u00f3nio F. Porf\u00edrio<\/p>\n\n\n\n<p>4. <a href=\"https:\/\/www.isutc.ac.mz\/?p=12673\">Processo de transforma\u00e7\u00e3o digital e moderniza\u00e7\u00e3o das pr\u00e1ticas de com\u00e9rcio: o papel das startups em Mo\u00e7ambique<\/a> &#8211; Marta Ant\u00f3nio Amigos e Albino Alves Simione<\/p>\n\n\n\n<p>5. <a href=\"https:\/\/www.isutc.ac.mz\/?p=12676\">A gest\u00e3o estrat\u00e9gica de pessoas como potenciadora da competitividade das organiza\u00e7\u00f5es p\u00fablicas: caso do sector p\u00fablico de Mo\u00e7ambique<\/a> &#8211; Tom\u00e1s Her\u00f3doto Fuel, Jenisse N. B. Langa e Djen Palmira Chambe <\/p>\n\n\n\n<p>6. <a href=\"https:\/\/www.isutc.ac.mz\/?p=12679\">Impacto da lideran\u00e7a empresarial na gest\u00e3o de pessoas no sector privado em Mo\u00e7ambique<\/a> &#8211; Carlos B. Caixote <\/p>\n\n\n\n<p>7. <a href=\"https:\/\/www.isutc.ac.mz\/?p=12682\">Literacia digital dos estudantes do Instituto Polit\u00e9cnico de Portalegre &#8211; desenvolvimento da componente metodol\u00f3gica do estudo de caso<\/a> &#8211; Carolina Oliveira Santos, Ana Clara Borrego, Carla Fonseca e Maria Jos\u00e9 D\u2019Ascens\u00e3o <\/p>\n\n\n\n<p>8.<a href=\"https:\/\/www.isutc.ac.mz\/?p=12685\"> Responsabilidade social antecipada em megaprojectos: li\u00e7\u00f5es do Programa de Desenvolvimento Comunit\u00e1rio do Projecto Hidroel\u00e9ctrico de Mphanda Nkuwa<\/a> &#8211;  Lu\u00eds Canhemba e Sim\u00e3o Oito <\/p>\n\n\n\n<p>9. <a href=\"https:\/\/www.isutc.ac.mz\/?p=12688\">Estrat\u00e9gia e inova\u00e7\u00e3o organizacional na gest\u00e3o estatal de Mo\u00e7ambique<\/a> &#8211; Nuno Jorge Henrique Loforte <\/p>\n\n\n\n<p><a href=\"https:\/\/drive.google.com\/uc?export=download&amp;id=1B97Tgx8fA-qgXsQR8UCOdjIiP4uHJikc\">Baixa aqui o volume completo <\/a><\/p>\n\n\n\n<p><\/p>\n","protected":false},"excerpt":{"rendered":"<p>\u00c9 com elevada satisfa\u00e7\u00e3o que apresentamos o segundo n\u00famero do III Volume (2025) da ISU-RESEARCH, revista cient\u00edfica do Instituto Superior de Transportes e Comunica\u00e7\u00f5es (ISUTC). Este n\u00famero \u00e9 uma edi\u00e7\u00e3o especial dedicada ao \u201cI Simp\u00f3sio Internacional sobre Gest\u00e3o, Inova\u00e7\u00e3o, Lideran\u00e7a e Sustentabilidade do ISUTC\u201d. Este evento, realizado com sucesso em nos dias 08 e 09 [&hellip;]<\/p>\n","protected":false},"author":17,"featured_media":0,"comment_status":"open","ping_status":"open","sticky":false,"template":"","format":"standard","meta":{"footnotes":""},"categories":[1],"tags":[],"class_list":["post-12657","post","type-post","status-publish","format-standard","hentry","category-uncategorized"],"yoast_head":"<!-- This site is optimized with the Yoast SEO plugin v26.9 - https:\/\/yoast.com\/product\/yoast-seo-wordpress\/ -->\n<title>ISU-RESEARCH - VOL. III - N\u00ba 2 - ISUTC<\/title>\n<meta name=\"robots\" content=\"index, follow, max-snippet:-1, max-image-preview:large, max-video-preview:-1\" \/>\n<link rel=\"canonical\" href=\"https:\/\/www.isutc.ac.mz\/?p=12657\" \/>\n<meta property=\"og:locale\" content=\"pt_PT\" \/>\n<meta property=\"og:type\" content=\"article\" \/>\n<meta property=\"og:title\" content=\"ISU-RESEARCH - VOL. III - N\u00ba 2 - ISUTC\" \/>\n<meta property=\"og:description\" content=\"\u00c9 com elevada satisfa\u00e7\u00e3o que apresentamos o segundo n\u00famero do III Volume (2025) da ISU-RESEARCH, revista cient\u00edfica do Instituto Superior de Transportes e Comunica\u00e7\u00f5es (ISUTC). Este n\u00famero \u00e9 uma edi\u00e7\u00e3o especial dedicada ao \u201cI Simp\u00f3sio Internacional sobre Gest\u00e3o, Inova\u00e7\u00e3o, Lideran\u00e7a e Sustentabilidade do ISUTC\u201d. Este evento, realizado com sucesso em nos dias 08 e 09 [&hellip;]\" \/>\n<meta property=\"og:url\" content=\"https:\/\/www.isutc.ac.mz\/?p=12657\" \/>\n<meta property=\"og:site_name\" content=\"ISUTC\" \/>\n<meta property=\"article:publisher\" content=\"https:\/\/pt-br.facebook.com\/isutc\" \/>\n<meta property=\"article:published_time\" content=\"2026-01-28T10:50:22+00:00\" \/>\n<meta property=\"article:modified_time\" content=\"2026-04-02T13:15:34+00:00\" \/>\n<meta name=\"author\" content=\"Francisca Chacha\" \/>\n<meta name=\"twitter:card\" content=\"summary_large_image\" \/>\n<meta name=\"twitter:label1\" content=\"Escrito por\" \/>\n\t<meta name=\"twitter:data1\" content=\"Francisca Chacha\" \/>\n\t<meta name=\"twitter:label2\" content=\"Tempo estimado de leitura\" \/>\n\t<meta name=\"twitter:data2\" content=\"3 minutos\" \/>\n<script type=\"application\/ld+json\" class=\"yoast-schema-graph\">{\"@context\":\"https:\/\/schema.org\",\"@graph\":[{\"@type\":\"Article\",\"@id\":\"https:\/\/www.isutc.ac.mz\/?p=12657#article\",\"isPartOf\":{\"@id\":\"https:\/\/www.isutc.ac.mz\/?p=12657\"},\"author\":{\"name\":\"Francisca Chacha\",\"@id\":\"https:\/\/www.isutc.ac.mz\/#\/schema\/person\/91dac55d0c4a61cc39a90540a2aa9205\"},\"headline\":\"ISU-RESEARCH &#8211; VOL. III &#8211; N\u00ba 2\",\"datePublished\":\"2026-01-28T10:50:22+00:00\",\"dateModified\":\"2026-04-02T13:15:34+00:00\",\"mainEntityOfPage\":{\"@id\":\"https:\/\/www.isutc.ac.mz\/?p=12657\"},\"wordCount\":476,\"commentCount\":0,\"publisher\":{\"@id\":\"https:\/\/www.isutc.ac.mz\/#organization\"},\"articleSection\":[\"Uncategorized\"],\"inLanguage\":\"pt-PT\",\"potentialAction\":[{\"@type\":\"CommentAction\",\"name\":\"Comment\",\"target\":[\"https:\/\/www.isutc.ac.mz\/?p=12657#respond\"]}]},{\"@type\":\"WebPage\",\"@id\":\"https:\/\/www.isutc.ac.mz\/?p=12657\",\"url\":\"https:\/\/www.isutc.ac.mz\/?p=12657\",\"name\":\"ISU-RESEARCH - VOL. III - N\u00ba 2 - ISUTC\",\"isPartOf\":{\"@id\":\"https:\/\/www.isutc.ac.mz\/#website\"},\"datePublished\":\"2026-01-28T10:50:22+00:00\",\"dateModified\":\"2026-04-02T13:15:34+00:00\",\"breadcrumb\":{\"@id\":\"https:\/\/www.isutc.ac.mz\/?p=12657#breadcrumb\"},\"inLanguage\":\"pt-PT\",\"potentialAction\":[{\"@type\":\"ReadAction\",\"target\":[\"https:\/\/www.isutc.ac.mz\/?p=12657\"]}]},{\"@type\":\"BreadcrumbList\",\"@id\":\"https:\/\/www.isutc.ac.mz\/?p=12657#breadcrumb\",\"itemListElement\":[{\"@type\":\"ListItem\",\"position\":1,\"name\":\"Home\",\"item\":\"https:\/\/www.isutc.ac.mz\/\"},{\"@type\":\"ListItem\",\"position\":2,\"name\":\"ISU-RESEARCH &#8211; VOL. III &#8211; N\u00ba 2\"}]},{\"@type\":\"WebSite\",\"@id\":\"https:\/\/www.isutc.ac.mz\/#website\",\"url\":\"https:\/\/www.isutc.ac.mz\/\",\"name\":\"ISUTC\",\"description\":\"Instituto Superior de Transportes e Comunica\u00e7\u00f5es\",\"publisher\":{\"@id\":\"https:\/\/www.isutc.ac.mz\/#organization\"},\"potentialAction\":[{\"@type\":\"SearchAction\",\"target\":{\"@type\":\"EntryPoint\",\"urlTemplate\":\"https:\/\/www.isutc.ac.mz\/?s={search_term_string}\"},\"query-input\":{\"@type\":\"PropertyValueSpecification\",\"valueRequired\":true,\"valueName\":\"search_term_string\"}}],\"inLanguage\":\"pt-PT\"},{\"@type\":\"Organization\",\"@id\":\"https:\/\/www.isutc.ac.mz\/#organization\",\"name\":\"instituto superior de transportes e comunica\u00e7\u00f5es\",\"url\":\"https:\/\/www.isutc.ac.mz\/\",\"logo\":{\"@type\":\"ImageObject\",\"inLanguage\":\"pt-PT\",\"@id\":\"https:\/\/www.isutc.ac.mz\/#\/schema\/logo\/image\/\",\"url\":\"https:\/\/www.isutc.ac.mz\/wp-content\/uploads\/2020\/08\/LOGO-20.png\",\"contentUrl\":\"https:\/\/www.isutc.ac.mz\/wp-content\/uploads\/2020\/08\/LOGO-20.png\",\"width\":390,\"height\":105,\"caption\":\"instituto superior de transportes e comunica\u00e7\u00f5es\"},\"image\":{\"@id\":\"https:\/\/www.isutc.ac.mz\/#\/schema\/logo\/image\/\"},\"sameAs\":[\"https:\/\/pt-br.facebook.com\/isutc\",\"https:\/\/www.instagram.com\/isutc.ac\/\"]},{\"@type\":\"Person\",\"@id\":\"https:\/\/www.isutc.ac.mz\/#\/schema\/person\/91dac55d0c4a61cc39a90540a2aa9205\",\"name\":\"Francisca Chacha\",\"image\":{\"@type\":\"ImageObject\",\"inLanguage\":\"pt-PT\",\"@id\":\"https:\/\/www.isutc.ac.mz\/#\/schema\/person\/image\/\",\"url\":\"https:\/\/secure.gravatar.com\/avatar\/1b22b2d08b8ef61c857aeaa08fac1cf21357b6ec7d91d342e408c93afe44a831?s=96&d=mm&r=g\",\"contentUrl\":\"https:\/\/secure.gravatar.com\/avatar\/1b22b2d08b8ef61c857aeaa08fac1cf21357b6ec7d91d342e408c93afe44a831?s=96&d=mm&r=g\",\"caption\":\"Francisca Chacha\"},\"url\":\"https:\/\/www.isutc.ac.mz\/?author=17\"}]}<\/script>\n<!-- \/ Yoast SEO plugin. -->","yoast_head_json":{"title":"ISU-RESEARCH - VOL. III - N\u00ba 2 - ISUTC","robots":{"index":"index","follow":"follow","max-snippet":"max-snippet:-1","max-image-preview":"max-image-preview:large","max-video-preview":"max-video-preview:-1"},"canonical":"https:\/\/www.isutc.ac.mz\/?p=12657","og_locale":"pt_PT","og_type":"article","og_title":"ISU-RESEARCH - VOL. III - N\u00ba 2 - ISUTC","og_description":"\u00c9 com elevada satisfa\u00e7\u00e3o que apresentamos o segundo n\u00famero do III Volume (2025) da ISU-RESEARCH, revista cient\u00edfica do Instituto Superior de Transportes e Comunica\u00e7\u00f5es (ISUTC). Este n\u00famero \u00e9 uma edi\u00e7\u00e3o especial dedicada ao \u201cI Simp\u00f3sio Internacional sobre Gest\u00e3o, Inova\u00e7\u00e3o, Lideran\u00e7a e Sustentabilidade do ISUTC\u201d. Este evento, realizado com sucesso em nos dias 08 e 09 [&hellip;]","og_url":"https:\/\/www.isutc.ac.mz\/?p=12657","og_site_name":"ISUTC","article_publisher":"https:\/\/pt-br.facebook.com\/isutc","article_published_time":"2026-01-28T10:50:22+00:00","article_modified_time":"2026-04-02T13:15:34+00:00","author":"Francisca Chacha","twitter_card":"summary_large_image","twitter_misc":{"Escrito por":"Francisca Chacha","Tempo estimado de leitura":"3 minutos"},"schema":{"@context":"https:\/\/schema.org","@graph":[{"@type":"Article","@id":"https:\/\/www.isutc.ac.mz\/?p=12657#article","isPartOf":{"@id":"https:\/\/www.isutc.ac.mz\/?p=12657"},"author":{"name":"Francisca Chacha","@id":"https:\/\/www.isutc.ac.mz\/#\/schema\/person\/91dac55d0c4a61cc39a90540a2aa9205"},"headline":"ISU-RESEARCH &#8211; VOL. III &#8211; N\u00ba 2","datePublished":"2026-01-28T10:50:22+00:00","dateModified":"2026-04-02T13:15:34+00:00","mainEntityOfPage":{"@id":"https:\/\/www.isutc.ac.mz\/?p=12657"},"wordCount":476,"commentCount":0,"publisher":{"@id":"https:\/\/www.isutc.ac.mz\/#organization"},"articleSection":["Uncategorized"],"inLanguage":"pt-PT","potentialAction":[{"@type":"CommentAction","name":"Comment","target":["https:\/\/www.isutc.ac.mz\/?p=12657#respond"]}]},{"@type":"WebPage","@id":"https:\/\/www.isutc.ac.mz\/?p=12657","url":"https:\/\/www.isutc.ac.mz\/?p=12657","name":"ISU-RESEARCH - VOL. III - N\u00ba 2 - ISUTC","isPartOf":{"@id":"https:\/\/www.isutc.ac.mz\/#website"},"datePublished":"2026-01-28T10:50:22+00:00","dateModified":"2026-04-02T13:15:34+00:00","breadcrumb":{"@id":"https:\/\/www.isutc.ac.mz\/?p=12657#breadcrumb"},"inLanguage":"pt-PT","potentialAction":[{"@type":"ReadAction","target":["https:\/\/www.isutc.ac.mz\/?p=12657"]}]},{"@type":"BreadcrumbList","@id":"https:\/\/www.isutc.ac.mz\/?p=12657#breadcrumb","itemListElement":[{"@type":"ListItem","position":1,"name":"Home","item":"https:\/\/www.isutc.ac.mz\/"},{"@type":"ListItem","position":2,"name":"ISU-RESEARCH &#8211; VOL. III &#8211; N\u00ba 2"}]},{"@type":"WebSite","@id":"https:\/\/www.isutc.ac.mz\/#website","url":"https:\/\/www.isutc.ac.mz\/","name":"ISUTC","description":"Instituto Superior de Transportes e Comunica\u00e7\u00f5es","publisher":{"@id":"https:\/\/www.isutc.ac.mz\/#organization"},"potentialAction":[{"@type":"SearchAction","target":{"@type":"EntryPoint","urlTemplate":"https:\/\/www.isutc.ac.mz\/?s={search_term_string}"},"query-input":{"@type":"PropertyValueSpecification","valueRequired":true,"valueName":"search_term_string"}}],"inLanguage":"pt-PT"},{"@type":"Organization","@id":"https:\/\/www.isutc.ac.mz\/#organization","name":"instituto superior de transportes e comunica\u00e7\u00f5es","url":"https:\/\/www.isutc.ac.mz\/","logo":{"@type":"ImageObject","inLanguage":"pt-PT","@id":"https:\/\/www.isutc.ac.mz\/#\/schema\/logo\/image\/","url":"https:\/\/www.isutc.ac.mz\/wp-content\/uploads\/2020\/08\/LOGO-20.png","contentUrl":"https:\/\/www.isutc.ac.mz\/wp-content\/uploads\/2020\/08\/LOGO-20.png","width":390,"height":105,"caption":"instituto superior de transportes e comunica\u00e7\u00f5es"},"image":{"@id":"https:\/\/www.isutc.ac.mz\/#\/schema\/logo\/image\/"},"sameAs":["https:\/\/pt-br.facebook.com\/isutc","https:\/\/www.instagram.com\/isutc.ac\/"]},{"@type":"Person","@id":"https:\/\/www.isutc.ac.mz\/#\/schema\/person\/91dac55d0c4a61cc39a90540a2aa9205","name":"Francisca Chacha","image":{"@type":"ImageObject","inLanguage":"pt-PT","@id":"https:\/\/www.isutc.ac.mz\/#\/schema\/person\/image\/","url":"https:\/\/secure.gravatar.com\/avatar\/1b22b2d08b8ef61c857aeaa08fac1cf21357b6ec7d91d342e408c93afe44a831?s=96&d=mm&r=g","contentUrl":"https:\/\/secure.gravatar.com\/avatar\/1b22b2d08b8ef61c857aeaa08fac1cf21357b6ec7d91d342e408c93afe44a831?s=96&d=mm&r=g","caption":"Francisca Chacha"},"url":"https:\/\/www.isutc.ac.mz\/?author=17"}]}},"_links":{"self":[{"href":"https:\/\/www.isutc.ac.mz\/index.php?rest_route=\/wp\/v2\/posts\/12657","targetHints":{"allow":["GET"]}}],"collection":[{"href":"https:\/\/www.isutc.ac.mz\/index.php?rest_route=\/wp\/v2\/posts"}],"about":[{"href":"https:\/\/www.isutc.ac.mz\/index.php?rest_route=\/wp\/v2\/types\/post"}],"author":[{"embeddable":true,"href":"https:\/\/www.isutc.ac.mz\/index.php?rest_route=\/wp\/v2\/users\/17"}],"replies":[{"embeddable":true,"href":"https:\/\/www.isutc.ac.mz\/index.php?rest_route=%2Fwp%2Fv2%2Fcomments&post=12657"}],"version-history":[{"count":4,"href":"https:\/\/www.isutc.ac.mz\/index.php?rest_route=\/wp\/v2\/posts\/12657\/revisions"}],"predecessor-version":[{"id":12868,"href":"https:\/\/www.isutc.ac.mz\/index.php?rest_route=\/wp\/v2\/posts\/12657\/revisions\/12868"}],"wp:attachment":[{"href":"https:\/\/www.isutc.ac.mz\/index.php?rest_route=%2Fwp%2Fv2%2Fmedia&parent=12657"}],"wp:term":[{"taxonomy":"category","embeddable":true,"href":"https:\/\/www.isutc.ac.mz\/index.php?rest_route=%2Fwp%2Fv2%2Fcategories&post=12657"},{"taxonomy":"post_tag","embeddable":true,"href":"https:\/\/www.isutc.ac.mz\/index.php?rest_route=%2Fwp%2Fv2%2Ftags&post=12657"}],"curies":[{"name":"wp","href":"https:\/\/api.w.org\/{rel}","templated":true}]}}