
{"id":1310,"date":"2015-10-15T15:23:05","date_gmt":"2015-10-15T15:23:05","guid":{"rendered":"https:\/\/www.isutc.ac.mz\/?p=1310"},"modified":"2015-10-15T15:23:05","modified_gmt":"2015-10-15T15:23:05","slug":"sessao-solene-comemorativa-do-15o-aniversario-do-isutc","status":"publish","type":"post","link":"https:\/\/www.isutc.ac.mz\/?p=1310","title":{"rendered":"SESS\u00c3O SOLENE COMEMORATIVA DO 15\u00ba ANIVERS\u00c1RIO DO ISUTC"},"content":{"rendered":"<p>O ISUTC- Instituto Superior de Transportes e Comunica\u00e7\u00f5es, institui\u00e7\u00e3o criada pela Transcom, SA, assinalou no passado dia 31 de Agosto de 2015 o seu d\u00e9cimo quinto anivers\u00e1rio.<\/p>\n<p>No \u00e2mbito das comemora\u00e7\u00f5es desta efem\u00e9ride, o ISUTC desenvolveu um vasto programa de actividades, envolvendo os seus estudantes, docentes e o p\u00fablico em geral, de onde se destacaram a realiza\u00e7\u00e3o de um ciclo de semin\u00e1rios com temas actuais de interesse p\u00fablico, devidamente patrocinados por oradores de renome.<\/p>\n<p>Desejando agora culminar as comemora\u00e7\u00f5es desta efem\u00e9ride de forma magnificente, iremos no pr\u00f3ximo dia 19 Outubro realizar uma Sess\u00e3o Solene comemorativa deste 15\u00ba anivers\u00e1rio do ISUTC, evento que ser\u00e1 presidido por Sua Exa. <b>o Senhor Presidente da Republica de Mo\u00e7ambique, Eng.\u00ba<\/b> <b>Filipe Jacinto Nyusi.<\/b> O evento ter\u00e1 como convidados: estudantes, docentes, colaboradores, institui\u00e7\u00f5es, parceiros e accionistas.<\/p>\n<p>Proferir\u00e1 uma ora\u00e7\u00e3o de sapi\u00eancia desta Sess\u00e3o Solene, o Professor Doutor Eng.\u00ba Jos\u00e9 Manuel Tribolet, acad\u00e9mico, distinguido pelas melhores escolas americanas, japonesas e europeias, no \u00e2mbito das Tecnologias de Informa\u00e7\u00e3o e comunica\u00e7\u00e3o.<\/p>\n","protected":false},"excerpt":{"rendered":"<p>O ISUTC- Instituto Superior de Transportes e Comunica\u00e7\u00f5es, institui\u00e7\u00e3o criada pela Transcom, SA, assinalou no passado dia 31 de Agosto de 2015 o seu d\u00e9cimo quinto anivers\u00e1rio. No \u00e2mbito das comemora\u00e7\u00f5es desta efem\u00e9ride, o ISUTC desenvolveu um vasto programa de actividades, envolvendo os seus estudantes, docentes e o p\u00fablico em geral, de onde se destacaram [&hellip;]<\/p>\n","protected":false},"author":17,"featured_media":0,"comment_status":"open","ping_status":"open","sticky":false,"template":"","format":"standard","meta":{"footnotes":""},"categories":[5],"tags":[],"class_list":["post-1310","post","type-post","status-publish","format-standard","hentry","category-noticia"],"yoast_head":"<!-- This site is optimized with the Yoast SEO plugin v26.9 - https:\/\/yoast.com\/product\/yoast-seo-wordpress\/ -->\n<title>SESS\u00c3O SOLENE COMEMORATIVA DO 15\u00ba ANIVERS\u00c1RIO DO ISUTC - ISUTC<\/title>\n<meta name=\"robots\" content=\"index, follow, max-snippet:-1, max-image-preview:large, max-video-preview:-1\" \/>\n<link rel=\"canonical\" href=\"https:\/\/www.isutc.ac.mz\/?p=1310\" \/>\n<meta property=\"og:locale\" content=\"pt_PT\" \/>\n<meta property=\"og:type\" content=\"article\" \/>\n<meta property=\"og:title\" content=\"SESS\u00c3O SOLENE COMEMORATIVA DO 15\u00ba ANIVERS\u00c1RIO DO ISUTC - ISUTC\" \/>\n<meta property=\"og:description\" content=\"O ISUTC- Instituto Superior de Transportes e Comunica\u00e7\u00f5es, institui\u00e7\u00e3o criada pela Transcom, SA, assinalou no passado dia 31 de Agosto de 2015 o seu d\u00e9cimo quinto anivers\u00e1rio. No \u00e2mbito das comemora\u00e7\u00f5es desta efem\u00e9ride, o ISUTC desenvolveu um vasto programa de actividades, envolvendo os seus estudantes, docentes e o p\u00fablico em geral, de onde se destacaram [&hellip;]\" \/>\n<meta property=\"og:url\" content=\"https:\/\/www.isutc.ac.mz\/?p=1310\" \/>\n<meta property=\"og:site_name\" content=\"ISUTC\" \/>\n<meta property=\"article:publisher\" content=\"https:\/\/pt-br.facebook.com\/isutc\" \/>\n<meta property=\"article:published_time\" content=\"2015-10-15T15:23:05+00:00\" \/>\n<meta name=\"author\" content=\"Francisca Chacha\" \/>\n<meta name=\"twitter:card\" content=\"summary_large_image\" \/>\n<meta name=\"twitter:label1\" content=\"Escrito por\" \/>\n\t<meta name=\"twitter:data1\" content=\"Francisca Chacha\" \/>\n\t<meta name=\"twitter:label2\" content=\"Tempo estimado de leitura\" \/>\n\t<meta name=\"twitter:data2\" content=\"1 minuto\" \/>\n<script type=\"application\/ld+json\" class=\"yoast-schema-graph\">{\"@context\":\"https:\/\/schema.org\",\"@graph\":[{\"@type\":\"Article\",\"@id\":\"https:\/\/www.isutc.ac.mz\/?p=1310#article\",\"isPartOf\":{\"@id\":\"https:\/\/www.isutc.ac.mz\/?p=1310\"},\"author\":{\"name\":\"Francisca Chacha\",\"@id\":\"https:\/\/www.isutc.ac.mz\/#\/schema\/person\/91dac55d0c4a61cc39a90540a2aa9205\"},\"headline\":\"SESS\u00c3O SOLENE COMEMORATIVA DO 15\u00ba ANIVERS\u00c1RIO DO ISUTC\",\"datePublished\":\"2015-10-15T15:23:05+00:00\",\"mainEntityOfPage\":{\"@id\":\"https:\/\/www.isutc.ac.mz\/?p=1310\"},\"wordCount\":190,\"commentCount\":0,\"publisher\":{\"@id\":\"https:\/\/www.isutc.ac.mz\/#organization\"},\"articleSection\":[\"Noticia\"],\"inLanguage\":\"pt-PT\",\"potentialAction\":[{\"@type\":\"CommentAction\",\"name\":\"Comment\",\"target\":[\"https:\/\/www.isutc.ac.mz\/?p=1310#respond\"]}]},{\"@type\":\"WebPage\",\"@id\":\"https:\/\/www.isutc.ac.mz\/?p=1310\",\"url\":\"https:\/\/www.isutc.ac.mz\/?p=1310\",\"name\":\"SESS\u00c3O SOLENE COMEMORATIVA DO 15\u00ba ANIVERS\u00c1RIO DO ISUTC - ISUTC\",\"isPartOf\":{\"@id\":\"https:\/\/www.isutc.ac.mz\/#website\"},\"datePublished\":\"2015-10-15T15:23:05+00:00\",\"breadcrumb\":{\"@id\":\"https:\/\/www.isutc.ac.mz\/?p=1310#breadcrumb\"},\"inLanguage\":\"pt-PT\",\"potentialAction\":[{\"@type\":\"ReadAction\",\"target\":[\"https:\/\/www.isutc.ac.mz\/?p=1310\"]}]},{\"@type\":\"BreadcrumbList\",\"@id\":\"https:\/\/www.isutc.ac.mz\/?p=1310#breadcrumb\",\"itemListElement\":[{\"@type\":\"ListItem\",\"position\":1,\"name\":\"Home\",\"item\":\"https:\/\/www.isutc.ac.mz\/\"},{\"@type\":\"ListItem\",\"position\":2,\"name\":\"SESS\u00c3O SOLENE COMEMORATIVA DO 15\u00ba ANIVERS\u00c1RIO DO ISUTC\"}]},{\"@type\":\"WebSite\",\"@id\":\"https:\/\/www.isutc.ac.mz\/#website\",\"url\":\"https:\/\/www.isutc.ac.mz\/\",\"name\":\"ISUTC\",\"description\":\"Instituto Superior de Transportes e Comunica\u00e7\u00f5es\",\"publisher\":{\"@id\":\"https:\/\/www.isutc.ac.mz\/#organization\"},\"potentialAction\":[{\"@type\":\"SearchAction\",\"target\":{\"@type\":\"EntryPoint\",\"urlTemplate\":\"https:\/\/www.isutc.ac.mz\/?s={search_term_string}\"},\"query-input\":{\"@type\":\"PropertyValueSpecification\",\"valueRequired\":true,\"valueName\":\"search_term_string\"}}],\"inLanguage\":\"pt-PT\"},{\"@type\":\"Organization\",\"@id\":\"https:\/\/www.isutc.ac.mz\/#organization\",\"name\":\"instituto superior de transportes e comunica\u00e7\u00f5es\",\"url\":\"https:\/\/www.isutc.ac.mz\/\",\"logo\":{\"@type\":\"ImageObject\",\"inLanguage\":\"pt-PT\",\"@id\":\"https:\/\/www.isutc.ac.mz\/#\/schema\/logo\/image\/\",\"url\":\"https:\/\/www.isutc.ac.mz\/wp-content\/uploads\/2020\/08\/LOGO-20.png\",\"contentUrl\":\"https:\/\/www.isutc.ac.mz\/wp-content\/uploads\/2020\/08\/LOGO-20.png\",\"width\":390,\"height\":105,\"caption\":\"instituto superior de transportes e comunica\u00e7\u00f5es\"},\"image\":{\"@id\":\"https:\/\/www.isutc.ac.mz\/#\/schema\/logo\/image\/\"},\"sameAs\":[\"https:\/\/pt-br.facebook.com\/isutc\",\"https:\/\/www.instagram.com\/isutc.ac\/\"]},{\"@type\":\"Person\",\"@id\":\"https:\/\/www.isutc.ac.mz\/#\/schema\/person\/91dac55d0c4a61cc39a90540a2aa9205\",\"name\":\"Francisca Chacha\",\"image\":{\"@type\":\"ImageObject\",\"inLanguage\":\"pt-PT\",\"@id\":\"https:\/\/www.isutc.ac.mz\/#\/schema\/person\/image\/\",\"url\":\"https:\/\/secure.gravatar.com\/avatar\/1b22b2d08b8ef61c857aeaa08fac1cf21357b6ec7d91d342e408c93afe44a831?s=96&d=mm&r=g\",\"contentUrl\":\"https:\/\/secure.gravatar.com\/avatar\/1b22b2d08b8ef61c857aeaa08fac1cf21357b6ec7d91d342e408c93afe44a831?s=96&d=mm&r=g\",\"caption\":\"Francisca Chacha\"},\"url\":\"https:\/\/www.isutc.ac.mz\/?author=17\"}]}<\/script>\n<!-- \/ Yoast SEO plugin. -->","yoast_head_json":{"title":"SESS\u00c3O SOLENE COMEMORATIVA DO 15\u00ba ANIVERS\u00c1RIO DO ISUTC - ISUTC","robots":{"index":"index","follow":"follow","max-snippet":"max-snippet:-1","max-image-preview":"max-image-preview:large","max-video-preview":"max-video-preview:-1"},"canonical":"https:\/\/www.isutc.ac.mz\/?p=1310","og_locale":"pt_PT","og_type":"article","og_title":"SESS\u00c3O SOLENE COMEMORATIVA DO 15\u00ba ANIVERS\u00c1RIO DO ISUTC - ISUTC","og_description":"O ISUTC- Instituto Superior de Transportes e Comunica\u00e7\u00f5es, institui\u00e7\u00e3o criada pela Transcom, SA, assinalou no passado dia 31 de Agosto de 2015 o seu d\u00e9cimo quinto anivers\u00e1rio. No \u00e2mbito das comemora\u00e7\u00f5es desta efem\u00e9ride, o ISUTC desenvolveu um vasto programa de actividades, envolvendo os seus estudantes, docentes e o p\u00fablico em geral, de onde se destacaram [&hellip;]","og_url":"https:\/\/www.isutc.ac.mz\/?p=1310","og_site_name":"ISUTC","article_publisher":"https:\/\/pt-br.facebook.com\/isutc","article_published_time":"2015-10-15T15:23:05+00:00","author":"Francisca Chacha","twitter_card":"summary_large_image","twitter_misc":{"Escrito por":"Francisca Chacha","Tempo estimado de leitura":"1 minuto"},"schema":{"@context":"https:\/\/schema.org","@graph":[{"@type":"Article","@id":"https:\/\/www.isutc.ac.mz\/?p=1310#article","isPartOf":{"@id":"https:\/\/www.isutc.ac.mz\/?p=1310"},"author":{"name":"Francisca Chacha","@id":"https:\/\/www.isutc.ac.mz\/#\/schema\/person\/91dac55d0c4a61cc39a90540a2aa9205"},"headline":"SESS\u00c3O SOLENE COMEMORATIVA DO 15\u00ba ANIVERS\u00c1RIO DO ISUTC","datePublished":"2015-10-15T15:23:05+00:00","mainEntityOfPage":{"@id":"https:\/\/www.isutc.ac.mz\/?p=1310"},"wordCount":190,"commentCount":0,"publisher":{"@id":"https:\/\/www.isutc.ac.mz\/#organization"},"articleSection":["Noticia"],"inLanguage":"pt-PT","potentialAction":[{"@type":"CommentAction","name":"Comment","target":["https:\/\/www.isutc.ac.mz\/?p=1310#respond"]}]},{"@type":"WebPage","@id":"https:\/\/www.isutc.ac.mz\/?p=1310","url":"https:\/\/www.isutc.ac.mz\/?p=1310","name":"SESS\u00c3O SOLENE COMEMORATIVA DO 15\u00ba ANIVERS\u00c1RIO DO ISUTC - ISUTC","isPartOf":{"@id":"https:\/\/www.isutc.ac.mz\/#website"},"datePublished":"2015-10-15T15:23:05+00:00","breadcrumb":{"@id":"https:\/\/www.isutc.ac.mz\/?p=1310#breadcrumb"},"inLanguage":"pt-PT","potentialAction":[{"@type":"ReadAction","target":["https:\/\/www.isutc.ac.mz\/?p=1310"]}]},{"@type":"BreadcrumbList","@id":"https:\/\/www.isutc.ac.mz\/?p=1310#breadcrumb","itemListElement":[{"@type":"ListItem","position":1,"name":"Home","item":"https:\/\/www.isutc.ac.mz\/"},{"@type":"ListItem","position":2,"name":"SESS\u00c3O SOLENE COMEMORATIVA DO 15\u00ba ANIVERS\u00c1RIO DO ISUTC"}]},{"@type":"WebSite","@id":"https:\/\/www.isutc.ac.mz\/#website","url":"https:\/\/www.isutc.ac.mz\/","name":"ISUTC","description":"Instituto Superior de Transportes e Comunica\u00e7\u00f5es","publisher":{"@id":"https:\/\/www.isutc.ac.mz\/#organization"},"potentialAction":[{"@type":"SearchAction","target":{"@type":"EntryPoint","urlTemplate":"https:\/\/www.isutc.ac.mz\/?s={search_term_string}"},"query-input":{"@type":"PropertyValueSpecification","valueRequired":true,"valueName":"search_term_string"}}],"inLanguage":"pt-PT"},{"@type":"Organization","@id":"https:\/\/www.isutc.ac.mz\/#organization","name":"instituto superior de transportes e comunica\u00e7\u00f5es","url":"https:\/\/www.isutc.ac.mz\/","logo":{"@type":"ImageObject","inLanguage":"pt-PT","@id":"https:\/\/www.isutc.ac.mz\/#\/schema\/logo\/image\/","url":"https:\/\/www.isutc.ac.mz\/wp-content\/uploads\/2020\/08\/LOGO-20.png","contentUrl":"https:\/\/www.isutc.ac.mz\/wp-content\/uploads\/2020\/08\/LOGO-20.png","width":390,"height":105,"caption":"instituto superior de transportes e comunica\u00e7\u00f5es"},"image":{"@id":"https:\/\/www.isutc.ac.mz\/#\/schema\/logo\/image\/"},"sameAs":["https:\/\/pt-br.facebook.com\/isutc","https:\/\/www.instagram.com\/isutc.ac\/"]},{"@type":"Person","@id":"https:\/\/www.isutc.ac.mz\/#\/schema\/person\/91dac55d0c4a61cc39a90540a2aa9205","name":"Francisca Chacha","image":{"@type":"ImageObject","inLanguage":"pt-PT","@id":"https:\/\/www.isutc.ac.mz\/#\/schema\/person\/image\/","url":"https:\/\/secure.gravatar.com\/avatar\/1b22b2d08b8ef61c857aeaa08fac1cf21357b6ec7d91d342e408c93afe44a831?s=96&d=mm&r=g","contentUrl":"https:\/\/secure.gravatar.com\/avatar\/1b22b2d08b8ef61c857aeaa08fac1cf21357b6ec7d91d342e408c93afe44a831?s=96&d=mm&r=g","caption":"Francisca Chacha"},"url":"https:\/\/www.isutc.ac.mz\/?author=17"}]}},"_links":{"self":[{"href":"https:\/\/www.isutc.ac.mz\/index.php?rest_route=\/wp\/v2\/posts\/1310","targetHints":{"allow":["GET"]}}],"collection":[{"href":"https:\/\/www.isutc.ac.mz\/index.php?rest_route=\/wp\/v2\/posts"}],"about":[{"href":"https:\/\/www.isutc.ac.mz\/index.php?rest_route=\/wp\/v2\/types\/post"}],"author":[{"embeddable":true,"href":"https:\/\/www.isutc.ac.mz\/index.php?rest_route=\/wp\/v2\/users\/17"}],"replies":[{"embeddable":true,"href":"https:\/\/www.isutc.ac.mz\/index.php?rest_route=%2Fwp%2Fv2%2Fcomments&post=1310"}],"version-history":[{"count":1,"href":"https:\/\/www.isutc.ac.mz\/index.php?rest_route=\/wp\/v2\/posts\/1310\/revisions"}],"predecessor-version":[{"id":1311,"href":"https:\/\/www.isutc.ac.mz\/index.php?rest_route=\/wp\/v2\/posts\/1310\/revisions\/1311"}],"wp:attachment":[{"href":"https:\/\/www.isutc.ac.mz\/index.php?rest_route=%2Fwp%2Fv2%2Fmedia&parent=1310"}],"wp:term":[{"taxonomy":"category","embeddable":true,"href":"https:\/\/www.isutc.ac.mz\/index.php?rest_route=%2Fwp%2Fv2%2Fcategories&post=1310"},{"taxonomy":"post_tag","embeddable":true,"href":"https:\/\/www.isutc.ac.mz\/index.php?rest_route=%2Fwp%2Fv2%2Ftags&post=1310"}],"curies":[{"name":"wp","href":"https:\/\/api.w.org\/{rel}","templated":true}]}}