
{"id":13159,"date":"2026-08-05T07:46:23","date_gmt":"2026-08-05T07:46:23","guid":{"rendered":"https:\/\/www.isutc.ac.mz\/?p=13159"},"modified":"2026-09-01T12:44:01","modified_gmt":"2026-09-01T12:44:01","slug":"jornadas-cientificas-2026","status":"publish","type":"post","link":"https:\/\/www.isutc.ac.mz\/?p=13159","title":{"rendered":"JORNADAS CIENT\u00cdFICAS 2026"},"content":{"rendered":"\n<p class=\"wp-block-paragraph\"><strong>Termos de Refer\u00eancia das IV Jornadas Cient\u00ed<\/strong><strong>\ufb01<\/strong><strong>cas do ISUTC<\/strong><\/p>\n\n\n\n<ol class=\"wp-block-list\">\n<li><strong>INTRODU\u00c7\u00c3O<\/strong><\/li>\n<\/ol>\n\n\n\n<p class=\"wp-block-paragraph\">As Jornadas Cient\u00edficas (JC) constituem actividades desenvolvidas, anualmente, pelo Instituto Superior de Transportes e Comunica\u00e7\u00f5es (ISUTC), no \u00e2mbito da realiza\u00e7\u00e3o e divulga\u00e7\u00e3o de investiga\u00e7\u00e3o cient\u00edfica realizada pela comunidade acad\u00e9mica do ISUTC, bem como por outras institui\u00e7\u00f5es nacionais de ensino e investiga\u00e7\u00e3o.&nbsp; As JCs consistem na apresenta\u00e7\u00e3o de trabalhos cient\u00edficos, sob a forma de comunica\u00e7\u00f5es orais e exposi\u00e7\u00f5es orientadas parta os seguintes objectivos::<\/p>\n\n\n\n<ol style=\"list-style-type:lower-roman\" class=\"wp-block-list\">\n<li>Promover e divulgar resultados de pesquisas nas \u00e1reas da Ci\u00eancia, Engenharia e Gest\u00e3o e outras relacionadas com o interesse do ISUTC, pelos estudantes, docentes e investigadores com destaque para os trabalhos que abordam temas actuais em Mo\u00e7ambique e no mundo no que se refere \u00e0 ci\u00eancia, engenharia, gest\u00e3o, tecnologia, educa\u00e7\u00e3o e desenvolvimento sustent\u00e1vel<\/li>\n\n\n\n<li>Promover e incentivar a cultura de produ\u00e7\u00e3o e divulga\u00e7\u00e3o de trabalhos cient\u00edficos entre os estudantes e outros participantes das Jornadas Cient\u00edficas;<\/li>\n\n\n\n<li>Promover uma academia mais inclusiva, incentivando a participa\u00e7\u00e3o mais activa de mulheres na investiga\u00e7\u00e3o em ci\u00eancia e engenharia e nas quest\u00f5es relativas ao g\u00e9nero; e<\/li>\n\n\n\n<li>Valorizar &nbsp;a &nbsp;investiga\u00e7\u00e3o &nbsp;e &nbsp;inova\u00e7\u00e3o &nbsp;cient\u00edficas &nbsp;como &nbsp;pr\u00e1ticas &nbsp;para &nbsp;a resolu\u00e7\u00e3o de problemas da sociedade mo\u00e7ambicana e em geral.<\/li>\n<\/ol>\n\n\n\n<p class=\"wp-block-paragraph\">As IV Jornadas Cient\u00edficas do ISUTC decorrer\u00e3o sob o lema <em>\u201c<strong>Infraestrutura e Planeamento: Construindo um Mo\u00e7ambique Sustent\u00e1vel e Resiliente<\/strong>\u201d<\/em>.<\/p>\n\n\n\n<p class=\"wp-block-paragraph\"><strong>2. DATA, FORMATO E LOCAL DO EVENTO<\/strong><\/p>\n\n\n\n<ol class=\"wp-block-list\"><\/ol>\n\n\n\n<p class=\"wp-block-paragraph\"><br>O evento ser\u00e1 realizado nas instala\u00e7\u00f5es do ISUTC, localizadas no prolongamento da avenida Kim Il Sung, nos dia 30 de Setembro e 01 de Outubro de 2026, das 08:00 \u00e0s 17:00, em cada dia.<\/p>\n\n\n\n<p class=\"wp-block-paragraph\"><br>O evento compreender\u00e1 uma diversidade de actividades, que incluir\u00e3o palestras tem\u00e1ticas a serem proferidas por especialistas convidados, apresenta\u00e7\u00e3o de comunica\u00e7\u00f5es e feira estudantil.<\/p>\n\n\n\n<p class=\"wp-block-paragraph\">A programa\u00e7\u00e3o geral ser\u00e1 organizada da seguinte forma:<\/p>\n\n\n\n<figure class=\"wp-block-table\"><table class=\"has-fixed-layout\"><tbody><tr><td><strong>Data<\/strong><\/td><td><strong>Per\u00edodo<\/strong><\/td><td><strong>Actividade<\/strong><\/td><\/tr><tr><td>30\/09\/2026<\/td><td>Manh\u00e3<\/td><td>Sess\u00e3o de abertura e palestras tem\u00e1ticas subordinadas ao lema do evento<\/td><\/tr><tr><td>30\/09\/2026<\/td><td>Tarde<\/td><td>Apresenta\u00e7\u00e3o de comunica\u00e7\u00f5es orais em sess\u00f5es paralelas<\/td><\/tr><tr><td>01\/09\/2026<\/td><td>Manh\u00e3 e Tarde<\/td><td>Apresenta\u00e7\u00e3o de comunica\u00e7\u00f5es orais em sess\u00f5es paralelas &amp; Feira estudantil<\/td><\/tr><\/tbody><\/table><\/figure>\n\n\n\n<p class=\"wp-block-paragraph\"><br>As sess\u00f5es paralelas ser\u00e3o distribu\u00eddas por \u00e1reas tem\u00e1ticas e salas, de acordo com o n\u00famero de trabalhos seleccionados e a disponibilidade de espa\u00e7os e equipamentos. O programa detalhado, incluindo hor\u00e1rios, salas, moderadores e palestrantes, ser\u00e1 divulgado oportunamente pela Comiss\u00e3o Organizadora.<\/p>\n\n\n\n<p class=\"wp-block-paragraph\"><strong>3. \u00c1REAS TEM\u00c1TICAS<\/strong><\/p>\n\n\n\n<p class=\"wp-block-paragraph\">Apesar de existir um lema espec\u00edfico para as jornadas, o evento est\u00e1 aberto a diversas \u00e1reas tem\u00e1ticas das Ci\u00eancias, Engenharia e Gest\u00e3o tais como:<\/p>\n\n\n\n<ul class=\"wp-block-list\">\n<li>Engenharia Civil;<\/li>\n\n\n\n<li>Engenharia Inform\u00e1tica;<\/li>\n\n\n\n<li>Engenharia Electr\u00f3nica;<\/li>\n\n\n\n<li>Engenharia El\u00e9ctrica e Electrot\u00e9cnica;<\/li>\n\n\n\n<li>Engenharia Mec\u00e2nica;<\/li>\n\n\n\n<li>Engenharia Electromec\u00e2nica;<\/li>\n\n\n\n<li>Engenharia Ferrovi\u00e1ria;<\/li>\n\n\n\n<li>Engenharia Ambiental;<\/li>\n\n\n\n<li>Engenharia e Ci\u00eancia de Computadores;<\/li>\n\n\n\n<li>Transportes<\/li>\n\n\n\n<li>Comunica\u00e7\u00f5es<\/li>\n\n\n\n<li>Ci\u00eancias B\u00e1sicas (Matem\u00e1tica, Estat\u00edsitica, F\u00edsica e Qu\u00edmica)<\/li>\n\n\n\n<li>Gest\u00e3o Banc\u00e1ria e Seguros;<\/li>\n\n\n\n<li>Gest\u00e3o e Finan\u00e7as;<\/li>\n\n\n\n<li>Contabilidade e Auditoria;<\/li>\n\n\n\n<li>G\u00e9nero e Desenvolvimento. <\/li>\n<\/ul>\n\n\n\n<p class=\"wp-block-paragraph\"><strong>4. P\u00daBLICO-ALVO<\/strong><\/p>\n\n\n\n<p class=\"wp-block-paragraph\">As jornadas est\u00e3o abertas aos estudantes, docentes, investigadores e profissionais do ISUTC e de outras institui\u00e7\u00f5es de ensino superior e t\u00e9cnico-profissional<\/p>\n\n\n\n<p class=\"wp-block-paragraph\"><strong>5. INSCRI\u00c7\u00d5ES E SUBMISS\u00c3O DE RESUMOS<\/strong><\/p>\n\n\n\n<p class=\"wp-block-paragraph\">A participa\u00e7\u00e3o \u00e9 condicionada \u00e0 inscri\u00e7\u00e3o, gratuita, que decorrer\u00e1 at\u00e9 o dia 18 de Setembro de 2026, atrav\u00e9s do preenchimento do formul\u00e1rio dispon\u00edvel no link: <a href=\"https:\/\/forms.gle\/yzQ2coiYtmkvK8vFA\">https:\/\/forms.gle\/yzQ2coiYtmkvK8vFA<\/a> &nbsp;<\/p>\n\n\n\n<p class=\"wp-block-paragraph\">Os interessados em apresentar trabalhos nas jornadas dever\u00e3o submeter os resumos dos seus trabalhos, em formato digital,<\/p>\n\n\n\n<p class=\"wp-block-paragraph\">Os resumos dos trabalhos a serem apresentados nas jornadas dever\u00e3o ser submetidos \u00e0 Comiss\u00e3o Cient\u00edfica das Jornadas at\u00e9 o dia 04 de Setembro de 2025, em formato electr\u00f3nico, para o endere\u00e7o: <a href=\"mailto:jornadas.cientificas@isutc.ac.mz\">jornadas.cientificas@isutc.ac.mz<\/a>.<\/p>\n\n\n\n<p class=\"wp-block-paragraph\"><strong>Importante: <\/strong>Para o caso de estudantes, os trabalhos submetidos devem estar sob a supervis\u00e3o de um docente ou investigador, sendo ele (docente ou investigador) co-autor do mesmo.<\/p>\n\n\n\n<p class=\"wp-block-paragraph\">A divulga\u00e7\u00e3o dos trabalhos seleccionados ser\u00e1 feita at\u00e9 o dia <strong><em>18 de Setembro de 2026<\/em><\/strong>.<\/p>\n\n\n\n<p class=\"wp-block-paragraph\">Havendo a necessidade de consulta para o esclarecimento de d\u00favidas, os interessados dever\u00e3o entrar em contacto atrav\u00e9s do e-mail <a href=\"mailto:\"><\/a><a href=\"mailto:jornadas.cientificas@isutc.ac.mz\">jornadas.cientificas@isutc.ac.mz<\/a><a href=\"mailto:ganela@isutc.ac.mz\">.<\/a> Em casos <strong><em>excepcionais<\/em><\/strong>, poder\u00e1 ser usado o seguinte contacto telef\u00f3nico +258 87 428 93 94 (Coordenador da Comiss\u00e3o Cient\u00edfica).<\/p>\n\n\n\n<p class=\"wp-block-paragraph\"><strong>5.1. <strong>Estrutura e Formata\u00e7\u00e3o dos Resumos<\/strong><\/strong><\/p>\n\n\n\n<p class=\"wp-block-paragraph\">Os resumos devem ser escritos em portugu\u00eas e conter as informa\u00e7\u00f5es seguintes.<\/p>\n\n\n\n<ul class=\"wp-block-list\">\n<li><strong>T\u00edtulo<\/strong><\/li>\n<\/ul>\n\n\n\n<p class=\"wp-block-paragraph\">Deve ter no m\u00e1ximo 18 palavras introduzidas no ambiente do \u201cmodelo\u201d, sem alterar o seu formato.<\/p>\n\n\n\n<ul class=\"wp-block-list\">\n<li><strong>Nomes dos autores afilia\u00e7\u00e3o<\/strong><\/li>\n<\/ul>\n\n\n\n<p class=\"wp-block-paragraph\">N\u00e3o dever\u00e1 incluir t\u00edtulos ou graus acad\u00e9micos. Deve-se colocar um asterisco em <em>superscrito<\/em> no nome do autor que ir\u00e1 apresentar o trabalho, caso seja aceite; E ainda, na descri\u00e7\u00e3o do <em>superscrito<\/em>, deve-se indicar o contacto (n\u00famero de telefone e e-mail) do autor que ir\u00e1 apresentar o trabalho, bem como especificar a forma de apresenta\u00e7\u00e3o pretendida (comunica\u00e7\u00e3o oral ou poster), bem como \u00e1rea tem\u00e1tica em que o resumo se enquadra dentro das diversas \u00e1reas das jornadas. Encontre o modelo do resumo no link abaixo. <\/p>\n\n\n\n<p class=\"wp-block-paragraph\"><a href=\"https:\/\/drive.google.com\/uc?export=download&amp;id=1WBut9M-0x-7HSITNtiwAE-C9Vbl4i24M\">Modelo de resumo<\/a><\/p>\n\n\n\n<p class=\"wp-block-paragraph\">Note que a comiss\u00e3o cient\u00edfica poder\u00e1 sugerir uma forma de apresenta\u00e7\u00e3o diferente da indicada pelo(s) autor(es) do trabalho no acto da submiss\u00e3o.<\/p>\n\n\n\n<ul class=\"wp-block-list\">\n<li><strong>Resumo<\/strong><\/li>\n<\/ul>\n\n\n\n<p class=\"wp-block-paragraph\">O resumo deve ser um texto corrido, contendo entre 100 e 350 palavras. Deve incluir informa\u00e7\u00f5es relacionadas \u00e0 descri\u00e7\u00e3o clara e resumida do problema e os objectivos <em>(contextualiza\u00e7\u00e3o<\/em>); dados usados e sua forma de an\u00e1lise\/tratamento) <em>(material e m\u00e9todos<\/em>); o(s) resultado(s) e conclus\u00f5es mais importante(s) do trabalho.<\/p>\n\n\n\n<p class=\"wp-block-paragraph\"><strong>Palavras-chave:<\/strong> O resumo deve incluir 3 a 5 palavras-chave.<\/p>\n\n\n\n<ul class=\"wp-block-list\">\n<li><strong>Tipo de comunica\u00e7\u00e3o<\/strong><\/li>\n<\/ul>\n\n\n\n<p class=\"wp-block-paragraph\">As comunica\u00e7\u00f5es ser\u00e3o orais, feitas no modelo padr\u00e3o de <em>slides <\/em>que o ISUTC ir\u00e1 disponibilizar. A apresenta\u00e7\u00e3o dever\u00e1 ser feita por um dos autores e ter\u00e1 a dura\u00e7\u00e3o m\u00e1xima de 10 minutos e mais 5 minutos para discuss\u00e3o.<\/p>\n\n\n\n<p class=\"wp-block-paragraph\"><strong>6. PROCESSO DE SELEC\u00c7\u00c3O E AVALIA\u00c7\u00c3O<\/strong><\/p>\n\n\n\n<p class=\"wp-block-paragraph\">Os trabalhos submetidos para as IV jornadas cient\u00edficas ser\u00e3o sujeitos \u00e0 avalia\u00e7\u00e3o e selec\u00e7\u00e3o pela Comiss\u00e3o Cient\u00edfica das Jornadas, cabendo a esta comiss\u00e3o informar os proponentes por <em>e-mail <\/em>ou outra via de comunica\u00e7\u00e3o, sobre a aceita\u00e7\u00e3o ou n\u00e3o dos seus trabalhos, at\u00e9 ao dia 29 de Agosto de 2025. A avalia\u00e7\u00e3o e a selec\u00e7\u00e3o ser\u00e1 feita tendo em considera\u00e7\u00e3o os seguintes aspectos:<\/p>\n\n\n\n<ul class=\"wp-block-list\">\n<li><strong><em>Relev\u00e2ncia e inova\u00e7\u00e3o<\/em><\/strong><strong>: <\/strong>avaliar a import\u00e2ncia do trabalho na \u00e1rea espec\u00edfica, incluindo a actualidade e novidade;<\/li>\n\n\n\n<li><strong><em>Aplicabilidade<\/em><\/strong><strong>: <\/strong>avaliar o grau e a extens\u00e3o dos benef\u00edcios que podem ser alcan\u00e7ados com os resultados da pesquisa, sua aplicabilidade e escalabilidade;<\/li>\n\n\n\n<li><strong><em>Rigor cient\u00edfico<\/em><\/strong><strong>: <\/strong>avaliar a utiliza\u00e7\u00e3o correcta de metodologia, amostragem, an\u00e1lise e adequa\u00e7\u00e3o das conclus\u00f5es;<\/li>\n\n\n\n<li><strong><em>Clareza na abordagem da mat\u00e9ria<\/em><\/strong><strong>: <\/strong>avaliar a pertin\u00eancia, transpar\u00eancia e compreens\u00e3o do tema;<\/li>\n\n\n\n<li><strong><em>Escrita acad\u00e9mica<\/em>:<\/strong> avaliar a qualidade da redac\u00e7\u00e3o.                                                                                                   <\/li>\n<\/ul>\n\n\n\n<p class=\"wp-block-paragraph\"><strong>7. SELEC\u00c7\u00c3O DOS MELHORES TRABALHOS<\/strong><\/p>\n\n\n\n<p class=\"wp-block-paragraph\">Os trabalhos de estudantes ser\u00e3o classificados para efeitos de atribui\u00e7\u00e3o de m\u00e9rito, tendo em conta o seu enquadramento nos objectivos das jornadas e a observ\u00e2ncia dos crit\u00e9rios indicados acima.<\/p>\n\n\n\n<p class=\"wp-block-paragraph\">A avalia\u00e7\u00e3o dos trabalhos ser\u00e1 feita pela Comiss\u00e3o Cient\u00edfica das Jornadas, e incluir\u00e1 as seguintes categorias:<\/p>\n\n\n\n<ul class=\"wp-block-list\">\n<li><em>Melhor conte\u00fado cient\u00edfico;<\/em><\/li>\n\n\n\n<li><em>Melhor trabalho Mulher-Investigadora<\/em>.<\/li>\n<\/ul>\n\n\n\n<p class=\"wp-block-paragraph\">O pr\u00e9mio da categoria \u201c<em>melhor conte\u00fado cient\u00edfico<\/em>\u201d ser\u00e1 atribu\u00eddo em cinco \u00e1reas tem\u00e1ticas distintas, correspondentes aos cinco departamentos acad\u00e9micos do ISUTC.<\/p>\n\n\n\n<p class=\"wp-block-paragraph\"><strong>8. DATAS IMPORTANTES<\/strong><\/p>\n\n\n\n<ol class=\"wp-block-list\"><\/ol>\n\n\n\n<figure class=\"wp-block-table\"><table class=\"has-fixed-layout\"><tbody><tr><td><strong>Actividade<\/strong><\/td><td><strong>Prazos<\/strong><\/td><\/tr><tr><td>Submiss\u00e3o de resumos<\/td><td>18 de Setembro de 2026<\/td><\/tr><tr><td>Divulga\u00e7\u00e3o dos trabalhos aceites<\/td><td>18 de Setembro de 2026<\/td><\/tr><tr><td>Inscri\u00e7\u00f5es<\/td><td>18 de Setembro de 2026<\/td><\/tr><tr><td>Realiza\u00e7\u00e3o das Jornadas Cient\u00edficas<\/td><td>30 de Setembro e 01 de Outubro de 2026<\/td><\/tr><\/tbody><\/table><\/figure>\n\n\n\n<p class=\"wp-block-paragraph\"><\/p>\n","protected":false},"excerpt":{"rendered":"<p>Termos de Refer\u00eancia das IV Jornadas Cient\u00ed\ufb01cas do ISUTC As Jornadas Cient\u00edficas (JC) constituem actividades desenvolvidas, anualmente, pelo Instituto Superior de Transportes e Comunica\u00e7\u00f5es (ISUTC), no \u00e2mbito da realiza\u00e7\u00e3o e divulga\u00e7\u00e3o de investiga\u00e7\u00e3o cient\u00edfica realizada pela comunidade acad\u00e9mica do ISUTC, bem como por outras institui\u00e7\u00f5es nacionais de ensino e investiga\u00e7\u00e3o.&nbsp; As JCs consistem na apresenta\u00e7\u00e3o [&hellip;]<\/p>\n","protected":false},"author":17,"featured_media":0,"comment_status":"open","ping_status":"open","sticky":false,"template":"","format":"standard","meta":{"rs_blank_template":"","rs_page_bg_color":"","slide_template_v7":"","footnotes":""},"categories":[1],"tags":[],"class_list":["post-13159","post","type-post","status-publish","format-standard","hentry","category-uncategorized"],"yoast_head":"<!-- This site is optimized with the Yoast SEO plugin v27.8 - https:\/\/yoast.com\/product\/yoast-seo-wordpress\/ -->\n<title>JORNADAS CIENT\u00cdFICAS 2026 - ISUTC<\/title>\n<meta name=\"robots\" content=\"index, follow, max-snippet:-1, max-image-preview:large, max-video-preview:-1\" \/>\n<link rel=\"canonical\" href=\"https:\/\/www.isutc.ac.mz\/?p=13159\" \/>\n<meta property=\"og:locale\" content=\"pt_PT\" \/>\n<meta property=\"og:type\" content=\"article\" \/>\n<meta property=\"og:title\" content=\"JORNADAS CIENT\u00cdFICAS 2026 - ISUTC\" \/>\n<meta property=\"og:description\" content=\"Termos de Refer\u00eancia das IV Jornadas Cient\u00ed\ufb01cas do ISUTC As Jornadas Cient\u00edficas (JC) constituem actividades desenvolvidas, anualmente, pelo Instituto Superior de Transportes e Comunica\u00e7\u00f5es (ISUTC), no \u00e2mbito da realiza\u00e7\u00e3o e divulga\u00e7\u00e3o de investiga\u00e7\u00e3o cient\u00edfica realizada pela comunidade acad\u00e9mica do ISUTC, bem como por outras institui\u00e7\u00f5es nacionais de ensino e investiga\u00e7\u00e3o.&nbsp; As JCs consistem na apresenta\u00e7\u00e3o [&hellip;]\" \/>\n<meta property=\"og:url\" content=\"https:\/\/www.isutc.ac.mz\/?p=13159\" \/>\n<meta property=\"og:site_name\" content=\"ISUTC\" \/>\n<meta property=\"article:publisher\" content=\"https:\/\/pt-br.facebook.com\/isutc\" \/>\n<meta property=\"article:published_time\" content=\"2026-08-05T07:46:23+00:00\" \/>\n<meta property=\"article:modified_time\" content=\"2026-09-01T12:44:01+00:00\" \/>\n<meta name=\"author\" content=\"Francisca Chacha\" \/>\n<meta name=\"twitter:card\" content=\"summary_large_image\" \/>\n<meta name=\"twitter:label1\" content=\"Escrito por\" \/>\n\t<meta name=\"twitter:data1\" content=\"Francisca Chacha\" \/>\n\t<meta name=\"twitter:label2\" content=\"Tempo estimado de leitura\" \/>\n\t<meta name=\"twitter:data2\" content=\"7 minutos\" \/>\n<script type=\"application\/ld+json\" class=\"yoast-schema-graph\">{\"@context\":\"https:\\\/\\\/schema.org\",\"@graph\":[{\"@type\":\"Article\",\"@id\":\"https:\\\/\\\/www.isutc.ac.mz\\\/?p=13159#article\",\"isPartOf\":{\"@id\":\"https:\\\/\\\/www.isutc.ac.mz\\\/?p=13159\"},\"author\":{\"name\":\"Francisca Chacha\",\"@id\":\"https:\\\/\\\/www.isutc.ac.mz\\\/#\\\/schema\\\/person\\\/91dac55d0c4a61cc39a90540a2aa9205\"},\"headline\":\"JORNADAS CIENT\u00cdFICAS 2026\",\"datePublished\":\"2026-08-05T07:46:23+00:00\",\"dateModified\":\"2026-09-01T12:44:01+00:00\",\"mainEntityOfPage\":{\"@id\":\"https:\\\/\\\/www.isutc.ac.mz\\\/?p=13159\"},\"wordCount\":1303,\"commentCount\":0,\"publisher\":{\"@id\":\"https:\\\/\\\/www.isutc.ac.mz\\\/#organization\"},\"articleSection\":[\"Uncategorized\"],\"inLanguage\":\"pt-PT\",\"potentialAction\":[{\"@type\":\"CommentAction\",\"name\":\"Comment\",\"target\":[\"https:\\\/\\\/www.isutc.ac.mz\\\/?p=13159#respond\"]}]},{\"@type\":\"WebPage\",\"@id\":\"https:\\\/\\\/www.isutc.ac.mz\\\/?p=13159\",\"url\":\"https:\\\/\\\/www.isutc.ac.mz\\\/?p=13159\",\"name\":\"JORNADAS CIENT\u00cdFICAS 2026 - ISUTC\",\"isPartOf\":{\"@id\":\"https:\\\/\\\/www.isutc.ac.mz\\\/#website\"},\"datePublished\":\"2026-08-05T07:46:23+00:00\",\"dateModified\":\"2026-09-01T12:44:01+00:00\",\"breadcrumb\":{\"@id\":\"https:\\\/\\\/www.isutc.ac.mz\\\/?p=13159#breadcrumb\"},\"inLanguage\":\"pt-PT\",\"potentialAction\":[{\"@type\":\"ReadAction\",\"target\":[\"https:\\\/\\\/www.isutc.ac.mz\\\/?p=13159\"]}]},{\"@type\":\"BreadcrumbList\",\"@id\":\"https:\\\/\\\/www.isutc.ac.mz\\\/?p=13159#breadcrumb\",\"itemListElement\":[{\"@type\":\"ListItem\",\"position\":1,\"name\":\"Home\",\"item\":\"https:\\\/\\\/www.isutc.ac.mz\\\/\"},{\"@type\":\"ListItem\",\"position\":2,\"name\":\"JORNADAS CIENT\u00cdFICAS 2026\"}]},{\"@type\":\"WebSite\",\"@id\":\"https:\\\/\\\/www.isutc.ac.mz\\\/#website\",\"url\":\"https:\\\/\\\/www.isutc.ac.mz\\\/\",\"name\":\"ISUTC\",\"description\":\"Instituto Superior de Transportes e Comunica\u00e7\u00f5es\",\"publisher\":{\"@id\":\"https:\\\/\\\/www.isutc.ac.mz\\\/#organization\"},\"potentialAction\":[{\"@type\":\"SearchAction\",\"target\":{\"@type\":\"EntryPoint\",\"urlTemplate\":\"https:\\\/\\\/www.isutc.ac.mz\\\/?s={search_term_string}\"},\"query-input\":{\"@type\":\"PropertyValueSpecification\",\"valueRequired\":true,\"valueName\":\"search_term_string\"}}],\"inLanguage\":\"pt-PT\"},{\"@type\":\"Organization\",\"@id\":\"https:\\\/\\\/www.isutc.ac.mz\\\/#organization\",\"name\":\"instituto superior de transportes e comunica\u00e7\u00f5es\",\"url\":\"https:\\\/\\\/www.isutc.ac.mz\\\/\",\"logo\":{\"@type\":\"ImageObject\",\"inLanguage\":\"pt-PT\",\"@id\":\"https:\\\/\\\/www.isutc.ac.mz\\\/#\\\/schema\\\/logo\\\/image\\\/\",\"url\":\"https:\\\/\\\/www.isutc.ac.mz\\\/wp-content\\\/uploads\\\/2020\\\/08\\\/LOGO-20.png\",\"contentUrl\":\"https:\\\/\\\/www.isutc.ac.mz\\\/wp-content\\\/uploads\\\/2020\\\/08\\\/LOGO-20.png\",\"width\":390,\"height\":105,\"caption\":\"instituto superior de transportes e comunica\u00e7\u00f5es\"},\"image\":{\"@id\":\"https:\\\/\\\/www.isutc.ac.mz\\\/#\\\/schema\\\/logo\\\/image\\\/\"},\"sameAs\":[\"https:\\\/\\\/pt-br.facebook.com\\\/isutc\",\"https:\\\/\\\/www.instagram.com\\\/isutc.ac\\\/\"]},{\"@type\":\"Person\",\"@id\":\"https:\\\/\\\/www.isutc.ac.mz\\\/#\\\/schema\\\/person\\\/91dac55d0c4a61cc39a90540a2aa9205\",\"name\":\"Francisca Chacha\",\"image\":{\"@type\":\"ImageObject\",\"inLanguage\":\"pt-PT\",\"@id\":\"https:\\\/\\\/secure.gravatar.com\\\/avatar\\\/1b22b2d08b8ef61c857aeaa08fac1cf21357b6ec7d91d342e408c93afe44a831?s=96&d=mm&r=g\",\"url\":\"https:\\\/\\\/secure.gravatar.com\\\/avatar\\\/1b22b2d08b8ef61c857aeaa08fac1cf21357b6ec7d91d342e408c93afe44a831?s=96&d=mm&r=g\",\"contentUrl\":\"https:\\\/\\\/secure.gravatar.com\\\/avatar\\\/1b22b2d08b8ef61c857aeaa08fac1cf21357b6ec7d91d342e408c93afe44a831?s=96&d=mm&r=g\",\"caption\":\"Francisca Chacha\"},\"url\":\"https:\\\/\\\/www.isutc.ac.mz\\\/?author=17\"}]}<\/script>\n<!-- \/ Yoast SEO plugin. -->","yoast_head_json":{"title":"JORNADAS CIENT\u00cdFICAS 2026 - ISUTC","robots":{"index":"index","follow":"follow","max-snippet":"max-snippet:-1","max-image-preview":"max-image-preview:large","max-video-preview":"max-video-preview:-1"},"canonical":"https:\/\/www.isutc.ac.mz\/?p=13159","og_locale":"pt_PT","og_type":"article","og_title":"JORNADAS CIENT\u00cdFICAS 2026 - ISUTC","og_description":"Termos de Refer\u00eancia das IV Jornadas Cient\u00ed\ufb01cas do ISUTC As Jornadas Cient\u00edficas (JC) constituem actividades desenvolvidas, anualmente, pelo Instituto Superior de Transportes e Comunica\u00e7\u00f5es (ISUTC), no \u00e2mbito da realiza\u00e7\u00e3o e divulga\u00e7\u00e3o de investiga\u00e7\u00e3o cient\u00edfica realizada pela comunidade acad\u00e9mica do ISUTC, bem como por outras institui\u00e7\u00f5es nacionais de ensino e investiga\u00e7\u00e3o.&nbsp; As JCs consistem na apresenta\u00e7\u00e3o [&hellip;]","og_url":"https:\/\/www.isutc.ac.mz\/?p=13159","og_site_name":"ISUTC","article_publisher":"https:\/\/pt-br.facebook.com\/isutc","article_published_time":"2026-08-05T07:46:23+00:00","article_modified_time":"2026-09-01T12:44:01+00:00","author":"Francisca Chacha","twitter_card":"summary_large_image","twitter_misc":{"Escrito por":"Francisca Chacha","Tempo estimado de leitura":"7 minutos"},"schema":{"@context":"https:\/\/schema.org","@graph":[{"@type":"Article","@id":"https:\/\/www.isutc.ac.mz\/?p=13159#article","isPartOf":{"@id":"https:\/\/www.isutc.ac.mz\/?p=13159"},"author":{"name":"Francisca Chacha","@id":"https:\/\/www.isutc.ac.mz\/#\/schema\/person\/91dac55d0c4a61cc39a90540a2aa9205"},"headline":"JORNADAS CIENT\u00cdFICAS 2026","datePublished":"2026-08-05T07:46:23+00:00","dateModified":"2026-09-01T12:44:01+00:00","mainEntityOfPage":{"@id":"https:\/\/www.isutc.ac.mz\/?p=13159"},"wordCount":1303,"commentCount":0,"publisher":{"@id":"https:\/\/www.isutc.ac.mz\/#organization"},"articleSection":["Uncategorized"],"inLanguage":"pt-PT","potentialAction":[{"@type":"CommentAction","name":"Comment","target":["https:\/\/www.isutc.ac.mz\/?p=13159#respond"]}]},{"@type":"WebPage","@id":"https:\/\/www.isutc.ac.mz\/?p=13159","url":"https:\/\/www.isutc.ac.mz\/?p=13159","name":"JORNADAS CIENT\u00cdFICAS 2026 - ISUTC","isPartOf":{"@id":"https:\/\/www.isutc.ac.mz\/#website"},"datePublished":"2026-08-05T07:46:23+00:00","dateModified":"2026-09-01T12:44:01+00:00","breadcrumb":{"@id":"https:\/\/www.isutc.ac.mz\/?p=13159#breadcrumb"},"inLanguage":"pt-PT","potentialAction":[{"@type":"ReadAction","target":["https:\/\/www.isutc.ac.mz\/?p=13159"]}]},{"@type":"BreadcrumbList","@id":"https:\/\/www.isutc.ac.mz\/?p=13159#breadcrumb","itemListElement":[{"@type":"ListItem","position":1,"name":"Home","item":"https:\/\/www.isutc.ac.mz\/"},{"@type":"ListItem","position":2,"name":"JORNADAS CIENT\u00cdFICAS 2026"}]},{"@type":"WebSite","@id":"https:\/\/www.isutc.ac.mz\/#website","url":"https:\/\/www.isutc.ac.mz\/","name":"ISUTC","description":"Instituto Superior de Transportes e Comunica\u00e7\u00f5es","publisher":{"@id":"https:\/\/www.isutc.ac.mz\/#organization"},"potentialAction":[{"@type":"SearchAction","target":{"@type":"EntryPoint","urlTemplate":"https:\/\/www.isutc.ac.mz\/?s={search_term_string}"},"query-input":{"@type":"PropertyValueSpecification","valueRequired":true,"valueName":"search_term_string"}}],"inLanguage":"pt-PT"},{"@type":"Organization","@id":"https:\/\/www.isutc.ac.mz\/#organization","name":"instituto superior de transportes e comunica\u00e7\u00f5es","url":"https:\/\/www.isutc.ac.mz\/","logo":{"@type":"ImageObject","inLanguage":"pt-PT","@id":"https:\/\/www.isutc.ac.mz\/#\/schema\/logo\/image\/","url":"https:\/\/www.isutc.ac.mz\/wp-content\/uploads\/2020\/08\/LOGO-20.png","contentUrl":"https:\/\/www.isutc.ac.mz\/wp-content\/uploads\/2020\/08\/LOGO-20.png","width":390,"height":105,"caption":"instituto superior de transportes e comunica\u00e7\u00f5es"},"image":{"@id":"https:\/\/www.isutc.ac.mz\/#\/schema\/logo\/image\/"},"sameAs":["https:\/\/pt-br.facebook.com\/isutc","https:\/\/www.instagram.com\/isutc.ac\/"]},{"@type":"Person","@id":"https:\/\/www.isutc.ac.mz\/#\/schema\/person\/91dac55d0c4a61cc39a90540a2aa9205","name":"Francisca Chacha","image":{"@type":"ImageObject","inLanguage":"pt-PT","@id":"https:\/\/secure.gravatar.com\/avatar\/1b22b2d08b8ef61c857aeaa08fac1cf21357b6ec7d91d342e408c93afe44a831?s=96&d=mm&r=g","url":"https:\/\/secure.gravatar.com\/avatar\/1b22b2d08b8ef61c857aeaa08fac1cf21357b6ec7d91d342e408c93afe44a831?s=96&d=mm&r=g","contentUrl":"https:\/\/secure.gravatar.com\/avatar\/1b22b2d08b8ef61c857aeaa08fac1cf21357b6ec7d91d342e408c93afe44a831?s=96&d=mm&r=g","caption":"Francisca Chacha"},"url":"https:\/\/www.isutc.ac.mz\/?author=17"}]}},"_links":{"self":[{"href":"https:\/\/www.isutc.ac.mz\/index.php?rest_route=\/wp\/v2\/posts\/13159","targetHints":{"allow":["GET"]}}],"collection":[{"href":"https:\/\/www.isutc.ac.mz\/index.php?rest_route=\/wp\/v2\/posts"}],"about":[{"href":"https:\/\/www.isutc.ac.mz\/index.php?rest_route=\/wp\/v2\/types\/post"}],"author":[{"embeddable":true,"href":"https:\/\/www.isutc.ac.mz\/index.php?rest_route=\/wp\/v2\/users\/17"}],"replies":[{"embeddable":true,"href":"https:\/\/www.isutc.ac.mz\/index.php?rest_route=%2Fwp%2Fv2%2Fcomments&post=13159"}],"version-history":[{"count":3,"href":"https:\/\/www.isutc.ac.mz\/index.php?rest_route=\/wp\/v2\/posts\/13159\/revisions"}],"predecessor-version":[{"id":13165,"href":"https:\/\/www.isutc.ac.mz\/index.php?rest_route=\/wp\/v2\/posts\/13159\/revisions\/13165"}],"wp:attachment":[{"href":"https:\/\/www.isutc.ac.mz\/index.php?rest_route=%2Fwp%2Fv2%2Fmedia&parent=13159"}],"wp:term":[{"taxonomy":"category","embeddable":true,"href":"https:\/\/www.isutc.ac.mz\/index.php?rest_route=%2Fwp%2Fv2%2Fcategories&post=13159"},{"taxonomy":"post_tag","embeddable":true,"href":"https:\/\/www.isutc.ac.mz\/index.php?rest_route=%2Fwp%2Fv2%2Ftags&post=13159"}],"curies":[{"name":"wp","href":"https:\/\/api.w.org\/{rel}","templated":true}]}}