
{"id":13176,"date":"2026-09-02T14:48:37","date_gmt":"2026-09-02T14:48:37","guid":{"rendered":"https:\/\/www.isutc.ac.mz\/?p=13176"},"modified":"2026-09-02T14:48:39","modified_gmt":"2026-09-02T14:48:39","slug":"isutc-celebra-26-anos-com-um-dia-dedicado-a-inovacao-talento-e-comunidade","status":"publish","type":"post","link":"https:\/\/www.isutc.ac.mz\/?p=13176","title":{"rendered":"ISUTC celebra 26 anos com um dia dedicado \u00e0 inova\u00e7\u00e3o, talento e comunidade"},"content":{"rendered":"\n<p class=\"wp-block-paragraph\">O Instituto Superior de Transportes e Comunica\u00e7\u00f5es (ISUTC) celebrou, no dia <strong>31 de Agosto, 26 anos de exist\u00eancia<\/strong>, numa jornada que reuniu estudantes, docentes, colaboradores, empresas parceiras e convidados no campus da institui\u00e7\u00e3o.<\/p>\n\n\n\n<p class=\"wp-block-paragraph\">A celebra\u00e7\u00e3o foi marcada por uma programa\u00e7\u00e3o diversificada, que reflectiu o compromisso do ISUTC com a <strong>forma\u00e7\u00e3o, inova\u00e7\u00e3o, empreendedorismo e liga\u00e7\u00e3o ao sector empresarial<\/strong>.<\/p>\n\n\n\n<p class=\"wp-block-paragraph\">Ao longo do dia, a <strong>Feira de Empreendedorismo e Inova\u00e7\u00e3o Tecnol\u00f3gica<\/strong> proporcionou \u00e0s empresas parceiras um espa\u00e7o para apresentar os seus produtos e servi\u00e7os, enquanto os estudantes tiveram a oportunidade de partilhar projectos e solu\u00e7\u00f5es desenvolvidos no \u00e2mbito da sua forma\u00e7\u00e3o, demonstrando conhecimentos, criatividade e capacidade de aplica\u00e7\u00e3o pr\u00e1tica.<\/p>\n\n\n\n<p class=\"wp-block-paragraph\">A programa\u00e7\u00e3o incluiu ainda momentos dedicados ao <strong>empreendedorismo e \u00e0 gastronomia<\/strong>, promovendo a criatividade e o esp\u00edrito de iniciativa entre os participantes.<\/p>\n\n\n\n<p class=\"wp-block-paragraph\">Durante a manh\u00e3, realizou-se uma mesa-redonda subordinada ao tema <strong>\u201cInova\u00e7\u00e3o, Tecnologia e Transportes: Desafios e Oportunidades para o Desenvolvimento de Mo\u00e7ambique\u201d<\/strong>, que promoveu a reflex\u00e3o e a troca de perspectivas sobre os desafios e oportunidades associados ao desenvolvimento do pa\u00eds.<\/p>\n\n\n\n<p class=\"wp-block-paragraph\">O momento de celebra\u00e7\u00e3o contou tamb\u00e9m com m\u00fasica e muita anima\u00e7\u00e3o. Os artistas convidados <strong>Ian Blanco e Hern\u00e2ni da Silva<\/strong> subiram ao palco e proporcionaram aos estudantes um dos momentos mais aguardados do dia, encerrando a celebra\u00e7\u00e3o num ambiente de grande entusiasmo.<\/p>\n\n\n\n<p class=\"wp-block-paragraph\">A celebra\u00e7\u00e3o dos 26 anos do ISUTC refor\u00e7ou, assim, a import\u00e2ncia de uma institui\u00e7\u00e3o que procura <strong>formar, inovar e criar pontes entre o conhecimento acad\u00e9mico e as necessidades do mercado<\/strong>, mantendo o olhar no futuro e no desenvolvimento de Mo\u00e7ambique.<\/p>\n\n\n\n<figure class=\"wp-block-gallery has-nested-images columns-default is-cropped wp-block-gallery-1 is-layout-flex wp-block-gallery-is-layout-flex\">\n<figure class=\"wp-block-image size-large\"><a href=\"https:\/\/www.isutc.ac.mz\/wp-content\/uploads\/2026\/09\/26\u00b0-aniversario-da-ISUTC_37-1-scaled.jpg\"><img loading=\"lazy\" decoding=\"async\" width=\"1024\" height=\"684\" data-id=\"13177\" src=\"https:\/\/www.isutc.ac.mz\/wp-content\/uploads\/2026\/09\/26\u00b0-aniversario-da-ISUTC_37-1-1024x684.jpg\" alt=\"\" class=\"wp-image-13177\" srcset=\"https:\/\/www.isutc.ac.mz\/wp-content\/uploads\/2026\/09\/26\u00b0-aniversario-da-ISUTC_37-1-1024x684.jpg 1024w, https:\/\/www.isutc.ac.mz\/wp-content\/uploads\/2026\/09\/26\u00b0-aniversario-da-ISUTC_37-1-300x200.jpg 300w, https:\/\/www.isutc.ac.mz\/wp-content\/uploads\/2026\/09\/26\u00b0-aniversario-da-ISUTC_37-1-768x513.jpg 768w, https:\/\/www.isutc.ac.mz\/wp-content\/uploads\/2026\/09\/26\u00b0-aniversario-da-ISUTC_37-1-1536x1025.jpg 1536w, https:\/\/www.isutc.ac.mz\/wp-content\/uploads\/2026\/09\/26\u00b0-aniversario-da-ISUTC_37-1-2048x1367.jpg 2048w\" sizes=\"auto, (max-width: 1024px) 100vw, 1024px\" \/><\/a><\/figure>\n\n\n\n<figure class=\"wp-block-image size-large\"><a href=\"https:\/\/www.isutc.ac.mz\/wp-content\/uploads\/2026\/09\/26\u00b0-aniversario-da-ISUTC_57-scaled.jpg\"><img loading=\"lazy\" decoding=\"async\" width=\"684\" height=\"1024\" data-id=\"13183\" src=\"https:\/\/www.isutc.ac.mz\/wp-content\/uploads\/2026\/09\/26\u00b0-aniversario-da-ISUTC_57-684x1024.jpg\" alt=\"\" class=\"wp-image-13183\" srcset=\"https:\/\/www.isutc.ac.mz\/wp-content\/uploads\/2026\/09\/26\u00b0-aniversario-da-ISUTC_57-684x1024.jpg 684w, https:\/\/www.isutc.ac.mz\/wp-content\/uploads\/2026\/09\/26\u00b0-aniversario-da-ISUTC_57-200x300.jpg 200w, https:\/\/www.isutc.ac.mz\/wp-content\/uploads\/2026\/09\/26\u00b0-aniversario-da-ISUTC_57-768x1150.jpg 768w, https:\/\/www.isutc.ac.mz\/wp-content\/uploads\/2026\/09\/26\u00b0-aniversario-da-ISUTC_57-1025x1536.jpg 1025w, https:\/\/www.isutc.ac.mz\/wp-content\/uploads\/2026\/09\/26\u00b0-aniversario-da-ISUTC_57-1367x2048.jpg 1367w, https:\/\/www.isutc.ac.mz\/wp-content\/uploads\/2026\/09\/26\u00b0-aniversario-da-ISUTC_57-scaled.jpg 1709w\" sizes=\"auto, (max-width: 684px) 100vw, 684px\" \/><\/a><\/figure>\n\n\n\n<figure class=\"wp-block-image size-large\"><a href=\"https:\/\/www.isutc.ac.mz\/wp-content\/uploads\/2026\/09\/26\u00b0-aniversario-da-ISUTC_56-scaled.jpg\"><img loading=\"lazy\" decoding=\"async\" width=\"1024\" height=\"692\" data-id=\"13182\" src=\"https:\/\/www.isutc.ac.mz\/wp-content\/uploads\/2026\/09\/26\u00b0-aniversario-da-ISUTC_56-1024x692.jpg\" alt=\"\" class=\"wp-image-13182\" srcset=\"https:\/\/www.isutc.ac.mz\/wp-content\/uploads\/2026\/09\/26\u00b0-aniversario-da-ISUTC_56-1024x692.jpg 1024w, https:\/\/www.isutc.ac.mz\/wp-content\/uploads\/2026\/09\/26\u00b0-aniversario-da-ISUTC_56-300x203.jpg 300w, https:\/\/www.isutc.ac.mz\/wp-content\/uploads\/2026\/09\/26\u00b0-aniversario-da-ISUTC_56-768x519.jpg 768w, https:\/\/www.isutc.ac.mz\/wp-content\/uploads\/2026\/09\/26\u00b0-aniversario-da-ISUTC_56-1536x1037.jpg 1536w, https:\/\/www.isutc.ac.mz\/wp-content\/uploads\/2026\/09\/26\u00b0-aniversario-da-ISUTC_56-2048x1383.jpg 2048w\" sizes=\"auto, (max-width: 1024px) 100vw, 1024px\" \/><\/a><\/figure>\n\n\n\n<figure class=\"wp-block-image size-large\"><a href=\"https:\/\/www.isutc.ac.mz\/wp-content\/uploads\/2026\/09\/26\u00b0-aniversario-da-ISUTC_88-scaled.jpg\"><img loading=\"lazy\" decoding=\"async\" width=\"684\" height=\"1024\" data-id=\"13181\" src=\"https:\/\/www.isutc.ac.mz\/wp-content\/uploads\/2026\/09\/26\u00b0-aniversario-da-ISUTC_88-684x1024.jpg\" alt=\"\" class=\"wp-image-13181\" srcset=\"https:\/\/www.isutc.ac.mz\/wp-content\/uploads\/2026\/09\/26\u00b0-aniversario-da-ISUTC_88-684x1024.jpg 684w, https:\/\/www.isutc.ac.mz\/wp-content\/uploads\/2026\/09\/26\u00b0-aniversario-da-ISUTC_88-200x300.jpg 200w, https:\/\/www.isutc.ac.mz\/wp-content\/uploads\/2026\/09\/26\u00b0-aniversario-da-ISUTC_88-768x1150.jpg 768w, https:\/\/www.isutc.ac.mz\/wp-content\/uploads\/2026\/09\/26\u00b0-aniversario-da-ISUTC_88-1025x1536.jpg 1025w, https:\/\/www.isutc.ac.mz\/wp-content\/uploads\/2026\/09\/26\u00b0-aniversario-da-ISUTC_88-1367x2048.jpg 1367w, https:\/\/www.isutc.ac.mz\/wp-content\/uploads\/2026\/09\/26\u00b0-aniversario-da-ISUTC_88-scaled.jpg 1709w\" sizes=\"auto, (max-width: 684px) 100vw, 684px\" \/><\/a><\/figure>\n\n\n\n<figure class=\"wp-block-image size-large\"><a href=\"https:\/\/www.isutc.ac.mz\/wp-content\/uploads\/2026\/09\/26\u00b0-aniversario-da-ISUTC_71-scaled.jpg\"><img loading=\"lazy\" decoding=\"async\" width=\"1024\" height=\"684\" data-id=\"13178\" src=\"https:\/\/www.isutc.ac.mz\/wp-content\/uploads\/2026\/09\/26\u00b0-aniversario-da-ISUTC_71-1024x684.jpg\" alt=\"\" class=\"wp-image-13178\" srcset=\"https:\/\/www.isutc.ac.mz\/wp-content\/uploads\/2026\/09\/26\u00b0-aniversario-da-ISUTC_71-1024x684.jpg 1024w, https:\/\/www.isutc.ac.mz\/wp-content\/uploads\/2026\/09\/26\u00b0-aniversario-da-ISUTC_71-300x200.jpg 300w, https:\/\/www.isutc.ac.mz\/wp-content\/uploads\/2026\/09\/26\u00b0-aniversario-da-ISUTC_71-768x513.jpg 768w, https:\/\/www.isutc.ac.mz\/wp-content\/uploads\/2026\/09\/26\u00b0-aniversario-da-ISUTC_71-1536x1025.jpg 1536w, https:\/\/www.isutc.ac.mz\/wp-content\/uploads\/2026\/09\/26\u00b0-aniversario-da-ISUTC_71-2048x1367.jpg 2048w\" sizes=\"auto, (max-width: 1024px) 100vw, 1024px\" \/><\/a><\/figure>\n\n\n\n<figure class=\"wp-block-image size-large\"><a href=\"https:\/\/www.isutc.ac.mz\/wp-content\/uploads\/2026\/09\/26\u00b0-aniversario-da-ISUTC_75-scaled.jpg\"><img loading=\"lazy\" decoding=\"async\" width=\"1024\" height=\"684\" data-id=\"13180\" src=\"https:\/\/www.isutc.ac.mz\/wp-content\/uploads\/2026\/09\/26\u00b0-aniversario-da-ISUTC_75-1024x684.jpg\" alt=\"\" class=\"wp-image-13180\" srcset=\"https:\/\/www.isutc.ac.mz\/wp-content\/uploads\/2026\/09\/26\u00b0-aniversario-da-ISUTC_75-1024x684.jpg 1024w, https:\/\/www.isutc.ac.mz\/wp-content\/uploads\/2026\/09\/26\u00b0-aniversario-da-ISUTC_75-300x200.jpg 300w, https:\/\/www.isutc.ac.mz\/wp-content\/uploads\/2026\/09\/26\u00b0-aniversario-da-ISUTC_75-768x513.jpg 768w, https:\/\/www.isutc.ac.mz\/wp-content\/uploads\/2026\/09\/26\u00b0-aniversario-da-ISUTC_75-1536x1025.jpg 1536w, https:\/\/www.isutc.ac.mz\/wp-content\/uploads\/2026\/09\/26\u00b0-aniversario-da-ISUTC_75-2048x1367.jpg 2048w\" sizes=\"auto, (max-width: 1024px) 100vw, 1024px\" \/><\/a><\/figure>\n\n\n\n<figure class=\"wp-block-image size-large\"><a href=\"https:\/\/www.isutc.ac.mz\/wp-content\/uploads\/2026\/09\/26\u00b0-aniversario-da-ISUTC_62-scaled.jpg\"><img loading=\"lazy\" decoding=\"async\" width=\"1024\" height=\"684\" data-id=\"13179\" src=\"https:\/\/www.isutc.ac.mz\/wp-content\/uploads\/2026\/09\/26\u00b0-aniversario-da-ISUTC_62-1024x684.jpg\" alt=\"\" class=\"wp-image-13179\" srcset=\"https:\/\/www.isutc.ac.mz\/wp-content\/uploads\/2026\/09\/26\u00b0-aniversario-da-ISUTC_62-1024x684.jpg 1024w, https:\/\/www.isutc.ac.mz\/wp-content\/uploads\/2026\/09\/26\u00b0-aniversario-da-ISUTC_62-300x200.jpg 300w, https:\/\/www.isutc.ac.mz\/wp-content\/uploads\/2026\/09\/26\u00b0-aniversario-da-ISUTC_62-768x513.jpg 768w, https:\/\/www.isutc.ac.mz\/wp-content\/uploads\/2026\/09\/26\u00b0-aniversario-da-ISUTC_62-1536x1025.jpg 1536w, https:\/\/www.isutc.ac.mz\/wp-content\/uploads\/2026\/09\/26\u00b0-aniversario-da-ISUTC_62-2048x1367.jpg 2048w\" sizes=\"auto, (max-width: 1024px) 100vw, 1024px\" \/><\/a><\/figure>\n\n\n\n<figure class=\"wp-block-image size-large\"><a href=\"https:\/\/www.isutc.ac.mz\/wp-content\/uploads\/2026\/09\/26\u00b0-aniversario-da-ISUTC_6-1-scaled.jpg\"><img loading=\"lazy\" decoding=\"async\" width=\"1024\" height=\"684\" data-id=\"13189\" src=\"https:\/\/www.isutc.ac.mz\/wp-content\/uploads\/2026\/09\/26\u00b0-aniversario-da-ISUTC_6-1-1024x684.jpg\" alt=\"\" class=\"wp-image-13189\" srcset=\"https:\/\/www.isutc.ac.mz\/wp-content\/uploads\/2026\/09\/26\u00b0-aniversario-da-ISUTC_6-1-1024x684.jpg 1024w, https:\/\/www.isutc.ac.mz\/wp-content\/uploads\/2026\/09\/26\u00b0-aniversario-da-ISUTC_6-1-300x200.jpg 300w, https:\/\/www.isutc.ac.mz\/wp-content\/uploads\/2026\/09\/26\u00b0-aniversario-da-ISUTC_6-1-768x513.jpg 768w, https:\/\/www.isutc.ac.mz\/wp-content\/uploads\/2026\/09\/26\u00b0-aniversario-da-ISUTC_6-1-1536x1025.jpg 1536w, https:\/\/www.isutc.ac.mz\/wp-content\/uploads\/2026\/09\/26\u00b0-aniversario-da-ISUTC_6-1-2048x1367.jpg 2048w\" sizes=\"auto, (max-width: 1024px) 100vw, 1024px\" \/><\/a><\/figure>\n\n\n\n<figure class=\"wp-block-image size-large\"><a href=\"https:\/\/www.isutc.ac.mz\/wp-content\/uploads\/2026\/09\/26\u00b0-aniversario-da-ISUTC_45-scaled.jpg\"><img loading=\"lazy\" decoding=\"async\" width=\"1024\" height=\"1024\" data-id=\"13184\" src=\"https:\/\/www.isutc.ac.mz\/wp-content\/uploads\/2026\/09\/26\u00b0-aniversario-da-ISUTC_45-1024x1024.jpg\" alt=\"\" class=\"wp-image-13184\" srcset=\"https:\/\/www.isutc.ac.mz\/wp-content\/uploads\/2026\/09\/26\u00b0-aniversario-da-ISUTC_45-1024x1024.jpg 1024w, https:\/\/www.isutc.ac.mz\/wp-content\/uploads\/2026\/09\/26\u00b0-aniversario-da-ISUTC_45-300x300.jpg 300w, https:\/\/www.isutc.ac.mz\/wp-content\/uploads\/2026\/09\/26\u00b0-aniversario-da-ISUTC_45-150x150.jpg 150w, https:\/\/www.isutc.ac.mz\/wp-content\/uploads\/2026\/09\/26\u00b0-aniversario-da-ISUTC_45-768x767.jpg 768w, https:\/\/www.isutc.ac.mz\/wp-content\/uploads\/2026\/09\/26\u00b0-aniversario-da-ISUTC_45-1536x1534.jpg 1536w, https:\/\/www.isutc.ac.mz\/wp-content\/uploads\/2026\/09\/26\u00b0-aniversario-da-ISUTC_45-2048x2045.jpg 2048w\" sizes=\"auto, (max-width: 1024px) 100vw, 1024px\" \/><\/a><\/figure>\n\n\n\n<figure class=\"wp-block-image size-large\"><a href=\"https:\/\/www.isutc.ac.mz\/wp-content\/uploads\/2026\/09\/26\u00b0-aniversario-da-ISUTC_37-scaled.jpg\"><img loading=\"lazy\" decoding=\"async\" width=\"1024\" height=\"684\" data-id=\"13190\" src=\"https:\/\/www.isutc.ac.mz\/wp-content\/uploads\/2026\/09\/26\u00b0-aniversario-da-ISUTC_37-1024x684.jpg\" alt=\"\" class=\"wp-image-13190\" srcset=\"https:\/\/www.isutc.ac.mz\/wp-content\/uploads\/2026\/09\/26\u00b0-aniversario-da-ISUTC_37-1024x684.jpg 1024w, https:\/\/www.isutc.ac.mz\/wp-content\/uploads\/2026\/09\/26\u00b0-aniversario-da-ISUTC_37-300x200.jpg 300w, https:\/\/www.isutc.ac.mz\/wp-content\/uploads\/2026\/09\/26\u00b0-aniversario-da-ISUTC_37-768x513.jpg 768w, https:\/\/www.isutc.ac.mz\/wp-content\/uploads\/2026\/09\/26\u00b0-aniversario-da-ISUTC_37-1536x1025.jpg 1536w, https:\/\/www.isutc.ac.mz\/wp-content\/uploads\/2026\/09\/26\u00b0-aniversario-da-ISUTC_37-2048x1367.jpg 2048w\" sizes=\"auto, (max-width: 1024px) 100vw, 1024px\" \/><\/a><\/figure>\n\n\n\n<figure class=\"wp-block-image size-large\"><a href=\"https:\/\/www.isutc.ac.mz\/wp-content\/uploads\/2026\/09\/26\u00b0-aniversario-da-ISUTC_6-scaled.jpg\"><img loading=\"lazy\" decoding=\"async\" width=\"1024\" height=\"684\" data-id=\"13186\" src=\"https:\/\/www.isutc.ac.mz\/wp-content\/uploads\/2026\/09\/26\u00b0-aniversario-da-ISUTC_6-1024x684.jpg\" alt=\"\" class=\"wp-image-13186\" srcset=\"https:\/\/www.isutc.ac.mz\/wp-content\/uploads\/2026\/09\/26\u00b0-aniversario-da-ISUTC_6-1024x684.jpg 1024w, https:\/\/www.isutc.ac.mz\/wp-content\/uploads\/2026\/09\/26\u00b0-aniversario-da-ISUTC_6-300x200.jpg 300w, https:\/\/www.isutc.ac.mz\/wp-content\/uploads\/2026\/09\/26\u00b0-aniversario-da-ISUTC_6-768x513.jpg 768w, https:\/\/www.isutc.ac.mz\/wp-content\/uploads\/2026\/09\/26\u00b0-aniversario-da-ISUTC_6-1536x1025.jpg 1536w, https:\/\/www.isutc.ac.mz\/wp-content\/uploads\/2026\/09\/26\u00b0-aniversario-da-ISUTC_6-2048x1367.jpg 2048w\" sizes=\"auto, (max-width: 1024px) 100vw, 1024px\" \/><\/a><\/figure>\n\n\n\n<figure class=\"wp-block-image size-large\"><a href=\"https:\/\/www.isutc.ac.mz\/wp-content\/uploads\/2026\/09\/26\u00b0-aniversario-da-ISUTC_35-scaled.jpg\"><img loading=\"lazy\" decoding=\"async\" width=\"680\" height=\"1024\" data-id=\"13185\" src=\"https:\/\/www.isutc.ac.mz\/wp-content\/uploads\/2026\/09\/26\u00b0-aniversario-da-ISUTC_35-680x1024.jpg\" alt=\"\" class=\"wp-image-13185\" srcset=\"https:\/\/www.isutc.ac.mz\/wp-content\/uploads\/2026\/09\/26\u00b0-aniversario-da-ISUTC_35-680x1024.jpg 680w, https:\/\/www.isutc.ac.mz\/wp-content\/uploads\/2026\/09\/26\u00b0-aniversario-da-ISUTC_35-199x300.jpg 199w, https:\/\/www.isutc.ac.mz\/wp-content\/uploads\/2026\/09\/26\u00b0-aniversario-da-ISUTC_35-768x1156.jpg 768w, https:\/\/www.isutc.ac.mz\/wp-content\/uploads\/2026\/09\/26\u00b0-aniversario-da-ISUTC_35-1021x1536.jpg 1021w, https:\/\/www.isutc.ac.mz\/wp-content\/uploads\/2026\/09\/26\u00b0-aniversario-da-ISUTC_35-1361x2048.jpg 1361w, https:\/\/www.isutc.ac.mz\/wp-content\/uploads\/2026\/09\/26\u00b0-aniversario-da-ISUTC_35-scaled.jpg 1701w\" sizes=\"auto, (max-width: 680px) 100vw, 680px\" \/><\/a><\/figure>\n\n\n\n<figure class=\"wp-block-image size-large\"><a href=\"https:\/\/www.isutc.ac.mz\/wp-content\/uploads\/2026\/09\/26\u00b0-aniversario-da-ISUTC_33-scaled.jpg\"><img loading=\"lazy\" decoding=\"async\" width=\"1024\" height=\"684\" data-id=\"13187\" src=\"https:\/\/www.isutc.ac.mz\/wp-content\/uploads\/2026\/09\/26\u00b0-aniversario-da-ISUTC_33-1024x684.jpg\" alt=\"\" class=\"wp-image-13187\" srcset=\"https:\/\/www.isutc.ac.mz\/wp-content\/uploads\/2026\/09\/26\u00b0-aniversario-da-ISUTC_33-1024x684.jpg 1024w, https:\/\/www.isutc.ac.mz\/wp-content\/uploads\/2026\/09\/26\u00b0-aniversario-da-ISUTC_33-300x200.jpg 300w, https:\/\/www.isutc.ac.mz\/wp-content\/uploads\/2026\/09\/26\u00b0-aniversario-da-ISUTC_33-768x513.jpg 768w, https:\/\/www.isutc.ac.mz\/wp-content\/uploads\/2026\/09\/26\u00b0-aniversario-da-ISUTC_33-1536x1025.jpg 1536w, https:\/\/www.isutc.ac.mz\/wp-content\/uploads\/2026\/09\/26\u00b0-aniversario-da-ISUTC_33-2048x1367.jpg 2048w\" sizes=\"auto, (max-width: 1024px) 100vw, 1024px\" \/><\/a><\/figure>\n\n\n\n<figure class=\"wp-block-image size-large\"><a href=\"https:\/\/www.isutc.ac.mz\/wp-content\/uploads\/2026\/09\/26\u00b0-aniversario-da-ISUTC_26-scaled.jpg\"><img loading=\"lazy\" decoding=\"async\" width=\"1024\" height=\"684\" data-id=\"13188\" src=\"https:\/\/www.isutc.ac.mz\/wp-content\/uploads\/2026\/09\/26\u00b0-aniversario-da-ISUTC_26-1024x684.jpg\" alt=\"\" class=\"wp-image-13188\" srcset=\"https:\/\/www.isutc.ac.mz\/wp-content\/uploads\/2026\/09\/26\u00b0-aniversario-da-ISUTC_26-1024x684.jpg 1024w, https:\/\/www.isutc.ac.mz\/wp-content\/uploads\/2026\/09\/26\u00b0-aniversario-da-ISUTC_26-300x200.jpg 300w, https:\/\/www.isutc.ac.mz\/wp-content\/uploads\/2026\/09\/26\u00b0-aniversario-da-ISUTC_26-768x513.jpg 768w, https:\/\/www.isutc.ac.mz\/wp-content\/uploads\/2026\/09\/26\u00b0-aniversario-da-ISUTC_26-1536x1025.jpg 1536w, https:\/\/www.isutc.ac.mz\/wp-content\/uploads\/2026\/09\/26\u00b0-aniversario-da-ISUTC_26-2048x1367.jpg 2048w\" sizes=\"auto, (max-width: 1024px) 100vw, 1024px\" \/><\/a><\/figure>\n<\/figure>\n","protected":false},"excerpt":{"rendered":"<p>O Instituto Superior de Transportes e Comunica\u00e7\u00f5es (ISUTC) celebrou, no dia 31 de Agosto, 26 anos de exist\u00eancia, numa jornada que reuniu estudantes, docentes, colaboradores, empresas parceiras e convidados no campus da institui\u00e7\u00e3o. A celebra\u00e7\u00e3o foi marcada por uma programa\u00e7\u00e3o diversificada, que reflectiu o compromisso do ISUTC com a forma\u00e7\u00e3o, inova\u00e7\u00e3o, empreendedorismo e liga\u00e7\u00e3o ao [&hellip;]<\/p>\n","protected":false},"author":17,"featured_media":13191,"comment_status":"open","ping_status":"open","sticky":false,"template":"","format":"standard","meta":{"rs_blank_template":"","rs_page_bg_color":"","slide_template_v7":"","footnotes":""},"categories":[44,5],"tags":[],"class_list":["post-13176","post","type-post","status-publish","format-standard","has-post-thumbnail","hentry","category-destaque","category-noticia"],"yoast_head":"<!-- This site is optimized with the Yoast SEO plugin v27.8 - https:\/\/yoast.com\/product\/yoast-seo-wordpress\/ -->\n<title>ISUTC celebra 26 anos com um dia dedicado \u00e0 inova\u00e7\u00e3o, talento e comunidade - ISUTC<\/title>\n<meta name=\"robots\" content=\"index, follow, max-snippet:-1, max-image-preview:large, max-video-preview:-1\" \/>\n<link rel=\"canonical\" href=\"https:\/\/www.isutc.ac.mz\/?p=13176\" \/>\n<meta property=\"og:locale\" content=\"pt_PT\" \/>\n<meta property=\"og:type\" content=\"article\" \/>\n<meta property=\"og:title\" content=\"ISUTC celebra 26 anos com um dia dedicado \u00e0 inova\u00e7\u00e3o, talento e comunidade - ISUTC\" \/>\n<meta property=\"og:description\" content=\"O Instituto Superior de Transportes e Comunica\u00e7\u00f5es (ISUTC) celebrou, no dia 31 de Agosto, 26 anos de exist\u00eancia, numa jornada que reuniu estudantes, docentes, colaboradores, empresas parceiras e convidados no campus da institui\u00e7\u00e3o. A celebra\u00e7\u00e3o foi marcada por uma programa\u00e7\u00e3o diversificada, que reflectiu o compromisso do ISUTC com a forma\u00e7\u00e3o, inova\u00e7\u00e3o, empreendedorismo e liga\u00e7\u00e3o ao [&hellip;]\" \/>\n<meta property=\"og:url\" content=\"https:\/\/www.isutc.ac.mz\/?p=13176\" \/>\n<meta property=\"og:site_name\" content=\"ISUTC\" \/>\n<meta property=\"article:publisher\" content=\"https:\/\/pt-br.facebook.com\/isutc\" \/>\n<meta property=\"article:published_time\" content=\"2026-09-02T14:48:37+00:00\" \/>\n<meta property=\"article:modified_time\" content=\"2026-09-02T14:48:39+00:00\" \/>\n<meta property=\"og:image\" content=\"https:\/\/www.isutc.ac.mz\/wp-content\/uploads\/2026\/09\/cfcbdc18-846e-4ec5-8b04-4e62c8f07b9a.jpg\" \/>\n\t<meta property=\"og:image:width\" content=\"1600\" \/>\n\t<meta property=\"og:image:height\" content=\"802\" \/>\n\t<meta property=\"og:image:type\" content=\"image\/jpeg\" \/>\n<meta name=\"author\" content=\"Francisca Chacha\" \/>\n<meta name=\"twitter:card\" content=\"summary_large_image\" \/>\n<meta name=\"twitter:label1\" content=\"Escrito por\" \/>\n\t<meta name=\"twitter:data1\" content=\"Francisca Chacha\" \/>\n\t<meta name=\"twitter:label2\" content=\"Tempo estimado de leitura\" \/>\n\t<meta name=\"twitter:data2\" content=\"5 minutos\" \/>\n<script type=\"application\/ld+json\" class=\"yoast-schema-graph\">{\"@context\":\"https:\\\/\\\/schema.org\",\"@graph\":[{\"@type\":\"Article\",\"@id\":\"https:\\\/\\\/www.isutc.ac.mz\\\/?p=13176#article\",\"isPartOf\":{\"@id\":\"https:\\\/\\\/www.isutc.ac.mz\\\/?p=13176\"},\"author\":{\"name\":\"Francisca Chacha\",\"@id\":\"https:\\\/\\\/www.isutc.ac.mz\\\/#\\\/schema\\\/person\\\/91dac55d0c4a61cc39a90540a2aa9205\"},\"headline\":\"ISUTC celebra 26 anos com um dia dedicado \u00e0 inova\u00e7\u00e3o, talento e comunidade\",\"datePublished\":\"2026-09-02T14:48:37+00:00\",\"dateModified\":\"2026-09-02T14:48:39+00:00\",\"mainEntityOfPage\":{\"@id\":\"https:\\\/\\\/www.isutc.ac.mz\\\/?p=13176\"},\"wordCount\":292,\"commentCount\":0,\"publisher\":{\"@id\":\"https:\\\/\\\/www.isutc.ac.mz\\\/#organization\"},\"image\":{\"@id\":\"https:\\\/\\\/www.isutc.ac.mz\\\/?p=13176#primaryimage\"},\"thumbnailUrl\":\"https:\\\/\\\/www.isutc.ac.mz\\\/wp-content\\\/uploads\\\/2026\\\/09\\\/cfcbdc18-846e-4ec5-8b04-4e62c8f07b9a.jpg\",\"articleSection\":[\"Destaque\",\"Noticia\"],\"inLanguage\":\"pt-PT\",\"potentialAction\":[{\"@type\":\"CommentAction\",\"name\":\"Comment\",\"target\":[\"https:\\\/\\\/www.isutc.ac.mz\\\/?p=13176#respond\"]}]},{\"@type\":\"WebPage\",\"@id\":\"https:\\\/\\\/www.isutc.ac.mz\\\/?p=13176\",\"url\":\"https:\\\/\\\/www.isutc.ac.mz\\\/?p=13176\",\"name\":\"ISUTC celebra 26 anos com um dia dedicado \u00e0 inova\u00e7\u00e3o, talento e comunidade - ISUTC\",\"isPartOf\":{\"@id\":\"https:\\\/\\\/www.isutc.ac.mz\\\/#website\"},\"primaryImageOfPage\":{\"@id\":\"https:\\\/\\\/www.isutc.ac.mz\\\/?p=13176#primaryimage\"},\"image\":{\"@id\":\"https:\\\/\\\/www.isutc.ac.mz\\\/?p=13176#primaryimage\"},\"thumbnailUrl\":\"https:\\\/\\\/www.isutc.ac.mz\\\/wp-content\\\/uploads\\\/2026\\\/09\\\/cfcbdc18-846e-4ec5-8b04-4e62c8f07b9a.jpg\",\"datePublished\":\"2026-09-02T14:48:37+00:00\",\"dateModified\":\"2026-09-02T14:48:39+00:00\",\"breadcrumb\":{\"@id\":\"https:\\\/\\\/www.isutc.ac.mz\\\/?p=13176#breadcrumb\"},\"inLanguage\":\"pt-PT\",\"potentialAction\":[{\"@type\":\"ReadAction\",\"target\":[\"https:\\\/\\\/www.isutc.ac.mz\\\/?p=13176\"]}]},{\"@type\":\"ImageObject\",\"inLanguage\":\"pt-PT\",\"@id\":\"https:\\\/\\\/www.isutc.ac.mz\\\/?p=13176#primaryimage\",\"url\":\"https:\\\/\\\/www.isutc.ac.mz\\\/wp-content\\\/uploads\\\/2026\\\/09\\\/cfcbdc18-846e-4ec5-8b04-4e62c8f07b9a.jpg\",\"contentUrl\":\"https:\\\/\\\/www.isutc.ac.mz\\\/wp-content\\\/uploads\\\/2026\\\/09\\\/cfcbdc18-846e-4ec5-8b04-4e62c8f07b9a.jpg\",\"width\":1600,\"height\":802},{\"@type\":\"BreadcrumbList\",\"@id\":\"https:\\\/\\\/www.isutc.ac.mz\\\/?p=13176#breadcrumb\",\"itemListElement\":[{\"@type\":\"ListItem\",\"position\":1,\"name\":\"Home\",\"item\":\"https:\\\/\\\/www.isutc.ac.mz\\\/\"},{\"@type\":\"ListItem\",\"position\":2,\"name\":\"ISUTC celebra 26 anos com um dia dedicado \u00e0 inova\u00e7\u00e3o, talento e comunidade\"}]},{\"@type\":\"WebSite\",\"@id\":\"https:\\\/\\\/www.isutc.ac.mz\\\/#website\",\"url\":\"https:\\\/\\\/www.isutc.ac.mz\\\/\",\"name\":\"ISUTC\",\"description\":\"Instituto Superior de Transportes e Comunica\u00e7\u00f5es\",\"publisher\":{\"@id\":\"https:\\\/\\\/www.isutc.ac.mz\\\/#organization\"},\"potentialAction\":[{\"@type\":\"SearchAction\",\"target\":{\"@type\":\"EntryPoint\",\"urlTemplate\":\"https:\\\/\\\/www.isutc.ac.mz\\\/?s={search_term_string}\"},\"query-input\":{\"@type\":\"PropertyValueSpecification\",\"valueRequired\":true,\"valueName\":\"search_term_string\"}}],\"inLanguage\":\"pt-PT\"},{\"@type\":\"Organization\",\"@id\":\"https:\\\/\\\/www.isutc.ac.mz\\\/#organization\",\"name\":\"instituto superior de transportes e comunica\u00e7\u00f5es\",\"url\":\"https:\\\/\\\/www.isutc.ac.mz\\\/\",\"logo\":{\"@type\":\"ImageObject\",\"inLanguage\":\"pt-PT\",\"@id\":\"https:\\\/\\\/www.isutc.ac.mz\\\/#\\\/schema\\\/logo\\\/image\\\/\",\"url\":\"https:\\\/\\\/www.isutc.ac.mz\\\/wp-content\\\/uploads\\\/2020\\\/08\\\/LOGO-20.png\",\"contentUrl\":\"https:\\\/\\\/www.isutc.ac.mz\\\/wp-content\\\/uploads\\\/2020\\\/08\\\/LOGO-20.png\",\"width\":390,\"height\":105,\"caption\":\"instituto superior de transportes e comunica\u00e7\u00f5es\"},\"image\":{\"@id\":\"https:\\\/\\\/www.isutc.ac.mz\\\/#\\\/schema\\\/logo\\\/image\\\/\"},\"sameAs\":[\"https:\\\/\\\/pt-br.facebook.com\\\/isutc\",\"https:\\\/\\\/www.instagram.com\\\/isutc.ac\\\/\"]},{\"@type\":\"Person\",\"@id\":\"https:\\\/\\\/www.isutc.ac.mz\\\/#\\\/schema\\\/person\\\/91dac55d0c4a61cc39a90540a2aa9205\",\"name\":\"Francisca Chacha\",\"image\":{\"@type\":\"ImageObject\",\"inLanguage\":\"pt-PT\",\"@id\":\"https:\\\/\\\/secure.gravatar.com\\\/avatar\\\/1b22b2d08b8ef61c857aeaa08fac1cf21357b6ec7d91d342e408c93afe44a831?s=96&d=mm&r=g\",\"url\":\"https:\\\/\\\/secure.gravatar.com\\\/avatar\\\/1b22b2d08b8ef61c857aeaa08fac1cf21357b6ec7d91d342e408c93afe44a831?s=96&d=mm&r=g\",\"contentUrl\":\"https:\\\/\\\/secure.gravatar.com\\\/avatar\\\/1b22b2d08b8ef61c857aeaa08fac1cf21357b6ec7d91d342e408c93afe44a831?s=96&d=mm&r=g\",\"caption\":\"Francisca Chacha\"},\"url\":\"https:\\\/\\\/www.isutc.ac.mz\\\/?author=17\"}]}<\/script>\n<!-- \/ Yoast SEO plugin. -->","yoast_head_json":{"title":"ISUTC celebra 26 anos com um dia dedicado \u00e0 inova\u00e7\u00e3o, talento e comunidade - ISUTC","robots":{"index":"index","follow":"follow","max-snippet":"max-snippet:-1","max-image-preview":"max-image-preview:large","max-video-preview":"max-video-preview:-1"},"canonical":"https:\/\/www.isutc.ac.mz\/?p=13176","og_locale":"pt_PT","og_type":"article","og_title":"ISUTC celebra 26 anos com um dia dedicado \u00e0 inova\u00e7\u00e3o, talento e comunidade - ISUTC","og_description":"O Instituto Superior de Transportes e Comunica\u00e7\u00f5es (ISUTC) celebrou, no dia 31 de Agosto, 26 anos de exist\u00eancia, numa jornada que reuniu estudantes, docentes, colaboradores, empresas parceiras e convidados no campus da institui\u00e7\u00e3o. A celebra\u00e7\u00e3o foi marcada por uma programa\u00e7\u00e3o diversificada, que reflectiu o compromisso do ISUTC com a forma\u00e7\u00e3o, inova\u00e7\u00e3o, empreendedorismo e liga\u00e7\u00e3o ao [&hellip;]","og_url":"https:\/\/www.isutc.ac.mz\/?p=13176","og_site_name":"ISUTC","article_publisher":"https:\/\/pt-br.facebook.com\/isutc","article_published_time":"2026-09-02T14:48:37+00:00","article_modified_time":"2026-09-02T14:48:39+00:00","og_image":[{"width":1600,"height":802,"url":"https:\/\/www.isutc.ac.mz\/wp-content\/uploads\/2026\/09\/cfcbdc18-846e-4ec5-8b04-4e62c8f07b9a.jpg","type":"image\/jpeg"}],"author":"Francisca Chacha","twitter_card":"summary_large_image","twitter_misc":{"Escrito por":"Francisca Chacha","Tempo estimado de leitura":"5 minutos"},"schema":{"@context":"https:\/\/schema.org","@graph":[{"@type":"Article","@id":"https:\/\/www.isutc.ac.mz\/?p=13176#article","isPartOf":{"@id":"https:\/\/www.isutc.ac.mz\/?p=13176"},"author":{"name":"Francisca Chacha","@id":"https:\/\/www.isutc.ac.mz\/#\/schema\/person\/91dac55d0c4a61cc39a90540a2aa9205"},"headline":"ISUTC celebra 26 anos com um dia dedicado \u00e0 inova\u00e7\u00e3o, talento e comunidade","datePublished":"2026-09-02T14:48:37+00:00","dateModified":"2026-09-02T14:48:39+00:00","mainEntityOfPage":{"@id":"https:\/\/www.isutc.ac.mz\/?p=13176"},"wordCount":292,"commentCount":0,"publisher":{"@id":"https:\/\/www.isutc.ac.mz\/#organization"},"image":{"@id":"https:\/\/www.isutc.ac.mz\/?p=13176#primaryimage"},"thumbnailUrl":"https:\/\/www.isutc.ac.mz\/wp-content\/uploads\/2026\/09\/cfcbdc18-846e-4ec5-8b04-4e62c8f07b9a.jpg","articleSection":["Destaque","Noticia"],"inLanguage":"pt-PT","potentialAction":[{"@type":"CommentAction","name":"Comment","target":["https:\/\/www.isutc.ac.mz\/?p=13176#respond"]}]},{"@type":"WebPage","@id":"https:\/\/www.isutc.ac.mz\/?p=13176","url":"https:\/\/www.isutc.ac.mz\/?p=13176","name":"ISUTC celebra 26 anos com um dia dedicado \u00e0 inova\u00e7\u00e3o, talento e comunidade - ISUTC","isPartOf":{"@id":"https:\/\/www.isutc.ac.mz\/#website"},"primaryImageOfPage":{"@id":"https:\/\/www.isutc.ac.mz\/?p=13176#primaryimage"},"image":{"@id":"https:\/\/www.isutc.ac.mz\/?p=13176#primaryimage"},"thumbnailUrl":"https:\/\/www.isutc.ac.mz\/wp-content\/uploads\/2026\/09\/cfcbdc18-846e-4ec5-8b04-4e62c8f07b9a.jpg","datePublished":"2026-09-02T14:48:37+00:00","dateModified":"2026-09-02T14:48:39+00:00","breadcrumb":{"@id":"https:\/\/www.isutc.ac.mz\/?p=13176#breadcrumb"},"inLanguage":"pt-PT","potentialAction":[{"@type":"ReadAction","target":["https:\/\/www.isutc.ac.mz\/?p=13176"]}]},{"@type":"ImageObject","inLanguage":"pt-PT","@id":"https:\/\/www.isutc.ac.mz\/?p=13176#primaryimage","url":"https:\/\/www.isutc.ac.mz\/wp-content\/uploads\/2026\/09\/cfcbdc18-846e-4ec5-8b04-4e62c8f07b9a.jpg","contentUrl":"https:\/\/www.isutc.ac.mz\/wp-content\/uploads\/2026\/09\/cfcbdc18-846e-4ec5-8b04-4e62c8f07b9a.jpg","width":1600,"height":802},{"@type":"BreadcrumbList","@id":"https:\/\/www.isutc.ac.mz\/?p=13176#breadcrumb","itemListElement":[{"@type":"ListItem","position":1,"name":"Home","item":"https:\/\/www.isutc.ac.mz\/"},{"@type":"ListItem","position":2,"name":"ISUTC celebra 26 anos com um dia dedicado \u00e0 inova\u00e7\u00e3o, talento e comunidade"}]},{"@type":"WebSite","@id":"https:\/\/www.isutc.ac.mz\/#website","url":"https:\/\/www.isutc.ac.mz\/","name":"ISUTC","description":"Instituto Superior de Transportes e Comunica\u00e7\u00f5es","publisher":{"@id":"https:\/\/www.isutc.ac.mz\/#organization"},"potentialAction":[{"@type":"SearchAction","target":{"@type":"EntryPoint","urlTemplate":"https:\/\/www.isutc.ac.mz\/?s={search_term_string}"},"query-input":{"@type":"PropertyValueSpecification","valueRequired":true,"valueName":"search_term_string"}}],"inLanguage":"pt-PT"},{"@type":"Organization","@id":"https:\/\/www.isutc.ac.mz\/#organization","name":"instituto superior de transportes e comunica\u00e7\u00f5es","url":"https:\/\/www.isutc.ac.mz\/","logo":{"@type":"ImageObject","inLanguage":"pt-PT","@id":"https:\/\/www.isutc.ac.mz\/#\/schema\/logo\/image\/","url":"https:\/\/www.isutc.ac.mz\/wp-content\/uploads\/2020\/08\/LOGO-20.png","contentUrl":"https:\/\/www.isutc.ac.mz\/wp-content\/uploads\/2020\/08\/LOGO-20.png","width":390,"height":105,"caption":"instituto superior de transportes e comunica\u00e7\u00f5es"},"image":{"@id":"https:\/\/www.isutc.ac.mz\/#\/schema\/logo\/image\/"},"sameAs":["https:\/\/pt-br.facebook.com\/isutc","https:\/\/www.instagram.com\/isutc.ac\/"]},{"@type":"Person","@id":"https:\/\/www.isutc.ac.mz\/#\/schema\/person\/91dac55d0c4a61cc39a90540a2aa9205","name":"Francisca Chacha","image":{"@type":"ImageObject","inLanguage":"pt-PT","@id":"https:\/\/secure.gravatar.com\/avatar\/1b22b2d08b8ef61c857aeaa08fac1cf21357b6ec7d91d342e408c93afe44a831?s=96&d=mm&r=g","url":"https:\/\/secure.gravatar.com\/avatar\/1b22b2d08b8ef61c857aeaa08fac1cf21357b6ec7d91d342e408c93afe44a831?s=96&d=mm&r=g","contentUrl":"https:\/\/secure.gravatar.com\/avatar\/1b22b2d08b8ef61c857aeaa08fac1cf21357b6ec7d91d342e408c93afe44a831?s=96&d=mm&r=g","caption":"Francisca Chacha"},"url":"https:\/\/www.isutc.ac.mz\/?author=17"}]}},"_links":{"self":[{"href":"https:\/\/www.isutc.ac.mz\/index.php?rest_route=\/wp\/v2\/posts\/13176","targetHints":{"allow":["GET"]}}],"collection":[{"href":"https:\/\/www.isutc.ac.mz\/index.php?rest_route=\/wp\/v2\/posts"}],"about":[{"href":"https:\/\/www.isutc.ac.mz\/index.php?rest_route=\/wp\/v2\/types\/post"}],"author":[{"embeddable":true,"href":"https:\/\/www.isutc.ac.mz\/index.php?rest_route=\/wp\/v2\/users\/17"}],"replies":[{"embeddable":true,"href":"https:\/\/www.isutc.ac.mz\/index.php?rest_route=%2Fwp%2Fv2%2Fcomments&post=13176"}],"version-history":[{"count":1,"href":"https:\/\/www.isutc.ac.mz\/index.php?rest_route=\/wp\/v2\/posts\/13176\/revisions"}],"predecessor-version":[{"id":13192,"href":"https:\/\/www.isutc.ac.mz\/index.php?rest_route=\/wp\/v2\/posts\/13176\/revisions\/13192"}],"wp:featuredmedia":[{"embeddable":true,"href":"https:\/\/www.isutc.ac.mz\/index.php?rest_route=\/wp\/v2\/media\/13191"}],"wp:attachment":[{"href":"https:\/\/www.isutc.ac.mz\/index.php?rest_route=%2Fwp%2Fv2%2Fmedia&parent=13176"}],"wp:term":[{"taxonomy":"category","embeddable":true,"href":"https:\/\/www.isutc.ac.mz\/index.php?rest_route=%2Fwp%2Fv2%2Fcategories&post=13176"},{"taxonomy":"post_tag","embeddable":true,"href":"https:\/\/www.isutc.ac.mz\/index.php?rest_route=%2Fwp%2Fv2%2Ftags&post=13176"}],"curies":[{"name":"wp","href":"https:\/\/api.w.org\/{rel}","templated":true}]}}