
{"id":2132,"date":"2018-06-07T06:58:01","date_gmt":"2018-06-07T06:58:01","guid":{"rendered":"https:\/\/www.isutc.ac.mz\/?p=2132"},"modified":"2018-06-07T08:16:08","modified_gmt":"2018-06-07T08:16:08","slug":"o-isutc-participa-na-cerimonia-de-recepcao-ao-presidente-da-republica","status":"publish","type":"post","link":"https:\/\/www.isutc.ac.mz\/?p=2132","title":{"rendered":"O ISUTC PARTICIPA NA CERIM\u00d3NIA DE RECEP\u00c7\u00c3O AO PRESIDENTE DA REP\u00daBLICA."},"content":{"rendered":"<p>No \u00e2mbito da visita presidencial de Sua Excel\u00eancia Presidente da Rep\u00fablica Filipe Jacinto Nyusi, no Distrito de Kamubukwana, o ISUTC fez-se representar pela Comunidade Acad\u00e9mica, chefes e subchefes de turma na cerim\u00f3nia de Recep\u00e7\u00e3o no Est\u00e1dio do Zimpeto.<\/p>\n<p><a href=\"https:\/\/www.isutc.ac.mz\/wp-content\/uploads\/2018\/06\/1.jpg\"><img loading=\"lazy\" decoding=\"async\" class=\"alignnone size-medium wp-image-2133\" src=\"https:\/\/www.isutc.ac.mz\/wp-content\/uploads\/2018\/06\/1-300x225.jpg\" alt=\"1\" width=\"300\" height=\"225\" srcset=\"https:\/\/www.isutc.ac.mz\/wp-content\/uploads\/2018\/06\/1-300x225.jpg 300w, https:\/\/www.isutc.ac.mz\/wp-content\/uploads\/2018\/06\/1.jpg 753w\" sizes=\"auto, (max-width: 300px) 100vw, 300px\" \/><\/a> <a href=\"https:\/\/www.isutc.ac.mz\/wp-content\/uploads\/2018\/06\/2.jpg\"><img loading=\"lazy\" decoding=\"async\" class=\"alignnone size-medium wp-image-2134\" src=\"https:\/\/www.isutc.ac.mz\/wp-content\/uploads\/2018\/06\/2-300x225.jpg\" alt=\"O ISUTC PARTICIPA NA CERIM\u00d3NIA DE RECEP\u00c7\u00c3O AO PRESIDENTE DA REP\u00daBLICA.\" width=\"300\" height=\"225\" srcset=\"https:\/\/www.isutc.ac.mz\/wp-content\/uploads\/2018\/06\/2-300x225.jpg 300w, https:\/\/www.isutc.ac.mz\/wp-content\/uploads\/2018\/06\/2.jpg 753w\" sizes=\"auto, (max-width: 300px) 100vw, 300px\" \/><\/a> <a href=\"https:\/\/www.isutc.ac.mz\/wp-content\/uploads\/2018\/06\/3.jpg\"><img loading=\"lazy\" decoding=\"async\" class=\"alignnone size-medium wp-image-2135\" src=\"https:\/\/www.isutc.ac.mz\/wp-content\/uploads\/2018\/06\/3-300x225.jpg\" alt=\"3\" width=\"300\" height=\"225\" srcset=\"https:\/\/www.isutc.ac.mz\/wp-content\/uploads\/2018\/06\/3-300x225.jpg 300w, https:\/\/www.isutc.ac.mz\/wp-content\/uploads\/2018\/06\/3.jpg 753w\" sizes=\"auto, (max-width: 300px) 100vw, 300px\" \/><\/a> <a href=\"https:\/\/www.isutc.ac.mz\/wp-content\/uploads\/2018\/06\/4.jpg\"><img loading=\"lazy\" decoding=\"async\" class=\"alignnone size-medium wp-image-2136\" src=\"https:\/\/www.isutc.ac.mz\/wp-content\/uploads\/2018\/06\/4-300x225.jpg\" alt=\"O ISUTC PARTICIPA NA CERIM\u00d3NIA DE RECEP\u00c7\u00c3O AO PRESIDENTE DA REP\u00daBLICA.\" width=\"300\" height=\"225\" srcset=\"https:\/\/www.isutc.ac.mz\/wp-content\/uploads\/2018\/06\/4-300x225.jpg 300w, https:\/\/www.isutc.ac.mz\/wp-content\/uploads\/2018\/06\/4.jpg 753w\" sizes=\"auto, (max-width: 300px) 100vw, 300px\" \/><\/a> <a href=\"https:\/\/www.isutc.ac.mz\/wp-content\/uploads\/2018\/06\/5.jpg\"><img loading=\"lazy\" decoding=\"async\" class=\"alignnone size-medium wp-image-2137\" src=\"https:\/\/www.isutc.ac.mz\/wp-content\/uploads\/2018\/06\/5-300x225.jpg\" alt=\"5\" width=\"300\" height=\"225\" srcset=\"https:\/\/www.isutc.ac.mz\/wp-content\/uploads\/2018\/06\/5-300x225.jpg 300w, https:\/\/www.isutc.ac.mz\/wp-content\/uploads\/2018\/06\/5.jpg 753w\" sizes=\"auto, (max-width: 300px) 100vw, 300px\" \/><\/a> <a href=\"https:\/\/www.isutc.ac.mz\/wp-content\/uploads\/2018\/06\/6.jpg\"><img loading=\"lazy\" decoding=\"async\" class=\"alignnone size-medium wp-image-2138\" src=\"https:\/\/www.isutc.ac.mz\/wp-content\/uploads\/2018\/06\/6-300x225.jpg\" alt=\"6\" width=\"300\" height=\"225\" srcset=\"https:\/\/www.isutc.ac.mz\/wp-content\/uploads\/2018\/06\/6-300x225.jpg 300w, https:\/\/www.isutc.ac.mz\/wp-content\/uploads\/2018\/06\/6.jpg 753w\" sizes=\"auto, (max-width: 300px) 100vw, 300px\" \/><\/a> <a href=\"https:\/\/www.isutc.ac.mz\/wp-content\/uploads\/2018\/06\/7.jpg\"><img loading=\"lazy\" decoding=\"async\" class=\"alignnone size-medium wp-image-2139\" src=\"https:\/\/www.isutc.ac.mz\/wp-content\/uploads\/2018\/06\/7-300x225.jpg\" alt=\"7\" width=\"300\" height=\"225\" srcset=\"https:\/\/www.isutc.ac.mz\/wp-content\/uploads\/2018\/06\/7-300x225.jpg 300w, https:\/\/www.isutc.ac.mz\/wp-content\/uploads\/2018\/06\/7.jpg 753w\" sizes=\"auto, (max-width: 300px) 100vw, 300px\" \/><\/a> <a href=\"https:\/\/www.isutc.ac.mz\/wp-content\/uploads\/2018\/06\/8.jpg\"><img loading=\"lazy\" decoding=\"async\" class=\"alignnone size-medium wp-image-2140\" src=\"https:\/\/www.isutc.ac.mz\/wp-content\/uploads\/2018\/06\/8-300x225.jpg\" alt=\"8\" width=\"300\" height=\"225\" srcset=\"https:\/\/www.isutc.ac.mz\/wp-content\/uploads\/2018\/06\/8-300x225.jpg 300w, https:\/\/www.isutc.ac.mz\/wp-content\/uploads\/2018\/06\/8.jpg 753w\" sizes=\"auto, (max-width: 300px) 100vw, 300px\" \/><\/a> <a href=\"https:\/\/www.isutc.ac.mz\/wp-content\/uploads\/2018\/06\/9.jpg\"><img loading=\"lazy\" decoding=\"async\" class=\"alignnone size-medium wp-image-2141\" src=\"https:\/\/www.isutc.ac.mz\/wp-content\/uploads\/2018\/06\/9-300x225.jpg\" alt=\"9\" width=\"300\" height=\"225\" srcset=\"https:\/\/www.isutc.ac.mz\/wp-content\/uploads\/2018\/06\/9-300x225.jpg 300w, https:\/\/www.isutc.ac.mz\/wp-content\/uploads\/2018\/06\/9.jpg 753w\" sizes=\"auto, (max-width: 300px) 100vw, 300px\" \/><\/a> <a href=\"https:\/\/www.isutc.ac.mz\/wp-content\/uploads\/2018\/06\/10.jpg\"><img loading=\"lazy\" decoding=\"async\" class=\"alignnone size-medium wp-image-2142\" src=\"https:\/\/www.isutc.ac.mz\/wp-content\/uploads\/2018\/06\/10-300x225.jpg\" alt=\"O ISUTC PARTICIPA NA CERIM\u00d3NIA DE RECEP\u00c7\u00c3O AO PRESIDENTE DA REP\u00daBLICA\" width=\"300\" height=\"225\" srcset=\"https:\/\/www.isutc.ac.mz\/wp-content\/uploads\/2018\/06\/10-300x225.jpg 300w, https:\/\/www.isutc.ac.mz\/wp-content\/uploads\/2018\/06\/10.jpg 753w\" sizes=\"auto, (max-width: 300px) 100vw, 300px\" \/><\/a><\/p>\n<p>&nbsp;<\/p>\n","protected":false},"excerpt":{"rendered":"<p>No \u00e2mbito da visita presidencial de Sua Excel\u00eancia Presidente da Rep\u00fablica Filipe Jacinto Nyusi, no Distrito de Kamubukwana, o ISUTC fez-se representar pela Comunidade Acad\u00e9mica, chefes e subchefes de turma na cerim\u00f3nia de Recep\u00e7\u00e3o no Est\u00e1dio do Zimpeto. &nbsp;<\/p>\n","protected":false},"author":17,"featured_media":2134,"comment_status":"open","ping_status":"open","sticky":false,"template":"","format":"standard","meta":{"footnotes":""},"categories":[5],"tags":[],"class_list":["post-2132","post","type-post","status-publish","format-standard","has-post-thumbnail","hentry","category-noticia"],"yoast_head":"<!-- This site is optimized with the Yoast SEO plugin v26.9 - https:\/\/yoast.com\/product\/yoast-seo-wordpress\/ -->\n<title>O ISUTC PARTICIPA NA CERIM\u00d3NIA DE RECEP\u00c7\u00c3O AO PRESIDENTE DA REP\u00daBLICA. - ISUTC<\/title>\n<meta name=\"robots\" content=\"index, follow, max-snippet:-1, max-image-preview:large, max-video-preview:-1\" \/>\n<link rel=\"canonical\" href=\"https:\/\/www.isutc.ac.mz\/?p=2132\" \/>\n<meta property=\"og:locale\" content=\"pt_PT\" \/>\n<meta property=\"og:type\" content=\"article\" \/>\n<meta property=\"og:title\" content=\"O ISUTC PARTICIPA NA CERIM\u00d3NIA DE RECEP\u00c7\u00c3O AO PRESIDENTE DA REP\u00daBLICA. - ISUTC\" \/>\n<meta property=\"og:description\" content=\"No \u00e2mbito da visita presidencial de Sua Excel\u00eancia Presidente da Rep\u00fablica Filipe Jacinto Nyusi, no Distrito de Kamubukwana, o ISUTC fez-se representar pela Comunidade Acad\u00e9mica, chefes e subchefes de turma na cerim\u00f3nia de Recep\u00e7\u00e3o no Est\u00e1dio do Zimpeto. &nbsp;\" \/>\n<meta property=\"og:url\" content=\"https:\/\/www.isutc.ac.mz\/?p=2132\" \/>\n<meta property=\"og:site_name\" content=\"ISUTC\" \/>\n<meta property=\"article:publisher\" content=\"https:\/\/pt-br.facebook.com\/isutc\" \/>\n<meta property=\"article:published_time\" content=\"2018-06-07T06:58:01+00:00\" \/>\n<meta property=\"article:modified_time\" content=\"2018-06-07T08:16:08+00:00\" \/>\n<meta property=\"og:image\" content=\"https:\/\/www.isutc.ac.mz\/wp-content\/uploads\/2018\/06\/2.jpg\" \/>\n\t<meta property=\"og:image:width\" content=\"753\" \/>\n\t<meta property=\"og:image:height\" content=\"565\" \/>\n\t<meta property=\"og:image:type\" content=\"image\/jpeg\" \/>\n<meta name=\"author\" content=\"Francisca Chacha\" \/>\n<meta name=\"twitter:card\" content=\"summary_large_image\" \/>\n<meta name=\"twitter:label1\" content=\"Escrito por\" \/>\n\t<meta name=\"twitter:data1\" content=\"Francisca Chacha\" \/>\n<script type=\"application\/ld+json\" class=\"yoast-schema-graph\">{\"@context\":\"https:\/\/schema.org\",\"@graph\":[{\"@type\":\"Article\",\"@id\":\"https:\/\/www.isutc.ac.mz\/?p=2132#article\",\"isPartOf\":{\"@id\":\"https:\/\/www.isutc.ac.mz\/?p=2132\"},\"author\":{\"name\":\"Francisca Chacha\",\"@id\":\"https:\/\/www.isutc.ac.mz\/#\/schema\/person\/91dac55d0c4a61cc39a90540a2aa9205\"},\"headline\":\"O ISUTC PARTICIPA NA CERIM\u00d3NIA DE RECEP\u00c7\u00c3O AO PRESIDENTE DA REP\u00daBLICA.\",\"datePublished\":\"2018-06-07T06:58:01+00:00\",\"dateModified\":\"2018-06-07T08:16:08+00:00\",\"mainEntityOfPage\":{\"@id\":\"https:\/\/www.isutc.ac.mz\/?p=2132\"},\"wordCount\":59,\"commentCount\":0,\"publisher\":{\"@id\":\"https:\/\/www.isutc.ac.mz\/#organization\"},\"image\":{\"@id\":\"https:\/\/www.isutc.ac.mz\/?p=2132#primaryimage\"},\"thumbnailUrl\":\"https:\/\/www.isutc.ac.mz\/wp-content\/uploads\/2018\/06\/2.jpg\",\"articleSection\":[\"Noticia\"],\"inLanguage\":\"pt-PT\",\"potentialAction\":[{\"@type\":\"CommentAction\",\"name\":\"Comment\",\"target\":[\"https:\/\/www.isutc.ac.mz\/?p=2132#respond\"]}]},{\"@type\":\"WebPage\",\"@id\":\"https:\/\/www.isutc.ac.mz\/?p=2132\",\"url\":\"https:\/\/www.isutc.ac.mz\/?p=2132\",\"name\":\"O ISUTC PARTICIPA NA CERIM\u00d3NIA DE RECEP\u00c7\u00c3O AO PRESIDENTE DA REP\u00daBLICA. - ISUTC\",\"isPartOf\":{\"@id\":\"https:\/\/www.isutc.ac.mz\/#website\"},\"primaryImageOfPage\":{\"@id\":\"https:\/\/www.isutc.ac.mz\/?p=2132#primaryimage\"},\"image\":{\"@id\":\"https:\/\/www.isutc.ac.mz\/?p=2132#primaryimage\"},\"thumbnailUrl\":\"https:\/\/www.isutc.ac.mz\/wp-content\/uploads\/2018\/06\/2.jpg\",\"datePublished\":\"2018-06-07T06:58:01+00:00\",\"dateModified\":\"2018-06-07T08:16:08+00:00\",\"breadcrumb\":{\"@id\":\"https:\/\/www.isutc.ac.mz\/?p=2132#breadcrumb\"},\"inLanguage\":\"pt-PT\",\"potentialAction\":[{\"@type\":\"ReadAction\",\"target\":[\"https:\/\/www.isutc.ac.mz\/?p=2132\"]}]},{\"@type\":\"ImageObject\",\"inLanguage\":\"pt-PT\",\"@id\":\"https:\/\/www.isutc.ac.mz\/?p=2132#primaryimage\",\"url\":\"https:\/\/www.isutc.ac.mz\/wp-content\/uploads\/2018\/06\/2.jpg\",\"contentUrl\":\"https:\/\/www.isutc.ac.mz\/wp-content\/uploads\/2018\/06\/2.jpg\",\"width\":753,\"height\":565},{\"@type\":\"BreadcrumbList\",\"@id\":\"https:\/\/www.isutc.ac.mz\/?p=2132#breadcrumb\",\"itemListElement\":[{\"@type\":\"ListItem\",\"position\":1,\"name\":\"Home\",\"item\":\"https:\/\/www.isutc.ac.mz\/\"},{\"@type\":\"ListItem\",\"position\":2,\"name\":\"O ISUTC PARTICIPA NA CERIM\u00d3NIA DE RECEP\u00c7\u00c3O AO PRESIDENTE DA REP\u00daBLICA.\"}]},{\"@type\":\"WebSite\",\"@id\":\"https:\/\/www.isutc.ac.mz\/#website\",\"url\":\"https:\/\/www.isutc.ac.mz\/\",\"name\":\"ISUTC\",\"description\":\"Instituto Superior de Transportes e Comunica\u00e7\u00f5es\",\"publisher\":{\"@id\":\"https:\/\/www.isutc.ac.mz\/#organization\"},\"potentialAction\":[{\"@type\":\"SearchAction\",\"target\":{\"@type\":\"EntryPoint\",\"urlTemplate\":\"https:\/\/www.isutc.ac.mz\/?s={search_term_string}\"},\"query-input\":{\"@type\":\"PropertyValueSpecification\",\"valueRequired\":true,\"valueName\":\"search_term_string\"}}],\"inLanguage\":\"pt-PT\"},{\"@type\":\"Organization\",\"@id\":\"https:\/\/www.isutc.ac.mz\/#organization\",\"name\":\"instituto superior de transportes e comunica\u00e7\u00f5es\",\"url\":\"https:\/\/www.isutc.ac.mz\/\",\"logo\":{\"@type\":\"ImageObject\",\"inLanguage\":\"pt-PT\",\"@id\":\"https:\/\/www.isutc.ac.mz\/#\/schema\/logo\/image\/\",\"url\":\"https:\/\/www.isutc.ac.mz\/wp-content\/uploads\/2020\/08\/LOGO-20.png\",\"contentUrl\":\"https:\/\/www.isutc.ac.mz\/wp-content\/uploads\/2020\/08\/LOGO-20.png\",\"width\":390,\"height\":105,\"caption\":\"instituto superior de transportes e comunica\u00e7\u00f5es\"},\"image\":{\"@id\":\"https:\/\/www.isutc.ac.mz\/#\/schema\/logo\/image\/\"},\"sameAs\":[\"https:\/\/pt-br.facebook.com\/isutc\",\"https:\/\/www.instagram.com\/isutc.ac\/\"]},{\"@type\":\"Person\",\"@id\":\"https:\/\/www.isutc.ac.mz\/#\/schema\/person\/91dac55d0c4a61cc39a90540a2aa9205\",\"name\":\"Francisca Chacha\",\"image\":{\"@type\":\"ImageObject\",\"inLanguage\":\"pt-PT\",\"@id\":\"https:\/\/www.isutc.ac.mz\/#\/schema\/person\/image\/\",\"url\":\"https:\/\/secure.gravatar.com\/avatar\/1b22b2d08b8ef61c857aeaa08fac1cf21357b6ec7d91d342e408c93afe44a831?s=96&d=mm&r=g\",\"contentUrl\":\"https:\/\/secure.gravatar.com\/avatar\/1b22b2d08b8ef61c857aeaa08fac1cf21357b6ec7d91d342e408c93afe44a831?s=96&d=mm&r=g\",\"caption\":\"Francisca Chacha\"},\"url\":\"https:\/\/www.isutc.ac.mz\/?author=17\"}]}<\/script>\n<!-- \/ Yoast SEO plugin. -->","yoast_head_json":{"title":"O ISUTC PARTICIPA NA CERIM\u00d3NIA DE RECEP\u00c7\u00c3O AO PRESIDENTE DA REP\u00daBLICA. - ISUTC","robots":{"index":"index","follow":"follow","max-snippet":"max-snippet:-1","max-image-preview":"max-image-preview:large","max-video-preview":"max-video-preview:-1"},"canonical":"https:\/\/www.isutc.ac.mz\/?p=2132","og_locale":"pt_PT","og_type":"article","og_title":"O ISUTC PARTICIPA NA CERIM\u00d3NIA DE RECEP\u00c7\u00c3O AO PRESIDENTE DA REP\u00daBLICA. - ISUTC","og_description":"No \u00e2mbito da visita presidencial de Sua Excel\u00eancia Presidente da Rep\u00fablica Filipe Jacinto Nyusi, no Distrito de Kamubukwana, o ISUTC fez-se representar pela Comunidade Acad\u00e9mica, chefes e subchefes de turma na cerim\u00f3nia de Recep\u00e7\u00e3o no Est\u00e1dio do Zimpeto. &nbsp;","og_url":"https:\/\/www.isutc.ac.mz\/?p=2132","og_site_name":"ISUTC","article_publisher":"https:\/\/pt-br.facebook.com\/isutc","article_published_time":"2018-06-07T06:58:01+00:00","article_modified_time":"2018-06-07T08:16:08+00:00","og_image":[{"width":753,"height":565,"url":"https:\/\/www.isutc.ac.mz\/wp-content\/uploads\/2018\/06\/2.jpg","type":"image\/jpeg"}],"author":"Francisca Chacha","twitter_card":"summary_large_image","twitter_misc":{"Escrito por":"Francisca Chacha"},"schema":{"@context":"https:\/\/schema.org","@graph":[{"@type":"Article","@id":"https:\/\/www.isutc.ac.mz\/?p=2132#article","isPartOf":{"@id":"https:\/\/www.isutc.ac.mz\/?p=2132"},"author":{"name":"Francisca Chacha","@id":"https:\/\/www.isutc.ac.mz\/#\/schema\/person\/91dac55d0c4a61cc39a90540a2aa9205"},"headline":"O ISUTC PARTICIPA NA CERIM\u00d3NIA DE RECEP\u00c7\u00c3O AO PRESIDENTE DA REP\u00daBLICA.","datePublished":"2018-06-07T06:58:01+00:00","dateModified":"2018-06-07T08:16:08+00:00","mainEntityOfPage":{"@id":"https:\/\/www.isutc.ac.mz\/?p=2132"},"wordCount":59,"commentCount":0,"publisher":{"@id":"https:\/\/www.isutc.ac.mz\/#organization"},"image":{"@id":"https:\/\/www.isutc.ac.mz\/?p=2132#primaryimage"},"thumbnailUrl":"https:\/\/www.isutc.ac.mz\/wp-content\/uploads\/2018\/06\/2.jpg","articleSection":["Noticia"],"inLanguage":"pt-PT","potentialAction":[{"@type":"CommentAction","name":"Comment","target":["https:\/\/www.isutc.ac.mz\/?p=2132#respond"]}]},{"@type":"WebPage","@id":"https:\/\/www.isutc.ac.mz\/?p=2132","url":"https:\/\/www.isutc.ac.mz\/?p=2132","name":"O ISUTC PARTICIPA NA CERIM\u00d3NIA DE RECEP\u00c7\u00c3O AO PRESIDENTE DA REP\u00daBLICA. - ISUTC","isPartOf":{"@id":"https:\/\/www.isutc.ac.mz\/#website"},"primaryImageOfPage":{"@id":"https:\/\/www.isutc.ac.mz\/?p=2132#primaryimage"},"image":{"@id":"https:\/\/www.isutc.ac.mz\/?p=2132#primaryimage"},"thumbnailUrl":"https:\/\/www.isutc.ac.mz\/wp-content\/uploads\/2018\/06\/2.jpg","datePublished":"2018-06-07T06:58:01+00:00","dateModified":"2018-06-07T08:16:08+00:00","breadcrumb":{"@id":"https:\/\/www.isutc.ac.mz\/?p=2132#breadcrumb"},"inLanguage":"pt-PT","potentialAction":[{"@type":"ReadAction","target":["https:\/\/www.isutc.ac.mz\/?p=2132"]}]},{"@type":"ImageObject","inLanguage":"pt-PT","@id":"https:\/\/www.isutc.ac.mz\/?p=2132#primaryimage","url":"https:\/\/www.isutc.ac.mz\/wp-content\/uploads\/2018\/06\/2.jpg","contentUrl":"https:\/\/www.isutc.ac.mz\/wp-content\/uploads\/2018\/06\/2.jpg","width":753,"height":565},{"@type":"BreadcrumbList","@id":"https:\/\/www.isutc.ac.mz\/?p=2132#breadcrumb","itemListElement":[{"@type":"ListItem","position":1,"name":"Home","item":"https:\/\/www.isutc.ac.mz\/"},{"@type":"ListItem","position":2,"name":"O ISUTC PARTICIPA NA CERIM\u00d3NIA DE RECEP\u00c7\u00c3O AO PRESIDENTE DA REP\u00daBLICA."}]},{"@type":"WebSite","@id":"https:\/\/www.isutc.ac.mz\/#website","url":"https:\/\/www.isutc.ac.mz\/","name":"ISUTC","description":"Instituto Superior de Transportes e Comunica\u00e7\u00f5es","publisher":{"@id":"https:\/\/www.isutc.ac.mz\/#organization"},"potentialAction":[{"@type":"SearchAction","target":{"@type":"EntryPoint","urlTemplate":"https:\/\/www.isutc.ac.mz\/?s={search_term_string}"},"query-input":{"@type":"PropertyValueSpecification","valueRequired":true,"valueName":"search_term_string"}}],"inLanguage":"pt-PT"},{"@type":"Organization","@id":"https:\/\/www.isutc.ac.mz\/#organization","name":"instituto superior de transportes e comunica\u00e7\u00f5es","url":"https:\/\/www.isutc.ac.mz\/","logo":{"@type":"ImageObject","inLanguage":"pt-PT","@id":"https:\/\/www.isutc.ac.mz\/#\/schema\/logo\/image\/","url":"https:\/\/www.isutc.ac.mz\/wp-content\/uploads\/2020\/08\/LOGO-20.png","contentUrl":"https:\/\/www.isutc.ac.mz\/wp-content\/uploads\/2020\/08\/LOGO-20.png","width":390,"height":105,"caption":"instituto superior de transportes e comunica\u00e7\u00f5es"},"image":{"@id":"https:\/\/www.isutc.ac.mz\/#\/schema\/logo\/image\/"},"sameAs":["https:\/\/pt-br.facebook.com\/isutc","https:\/\/www.instagram.com\/isutc.ac\/"]},{"@type":"Person","@id":"https:\/\/www.isutc.ac.mz\/#\/schema\/person\/91dac55d0c4a61cc39a90540a2aa9205","name":"Francisca Chacha","image":{"@type":"ImageObject","inLanguage":"pt-PT","@id":"https:\/\/www.isutc.ac.mz\/#\/schema\/person\/image\/","url":"https:\/\/secure.gravatar.com\/avatar\/1b22b2d08b8ef61c857aeaa08fac1cf21357b6ec7d91d342e408c93afe44a831?s=96&d=mm&r=g","contentUrl":"https:\/\/secure.gravatar.com\/avatar\/1b22b2d08b8ef61c857aeaa08fac1cf21357b6ec7d91d342e408c93afe44a831?s=96&d=mm&r=g","caption":"Francisca Chacha"},"url":"https:\/\/www.isutc.ac.mz\/?author=17"}]}},"_links":{"self":[{"href":"https:\/\/www.isutc.ac.mz\/index.php?rest_route=\/wp\/v2\/posts\/2132","targetHints":{"allow":["GET"]}}],"collection":[{"href":"https:\/\/www.isutc.ac.mz\/index.php?rest_route=\/wp\/v2\/posts"}],"about":[{"href":"https:\/\/www.isutc.ac.mz\/index.php?rest_route=\/wp\/v2\/types\/post"}],"author":[{"embeddable":true,"href":"https:\/\/www.isutc.ac.mz\/index.php?rest_route=\/wp\/v2\/users\/17"}],"replies":[{"embeddable":true,"href":"https:\/\/www.isutc.ac.mz\/index.php?rest_route=%2Fwp%2Fv2%2Fcomments&post=2132"}],"version-history":[{"count":3,"href":"https:\/\/www.isutc.ac.mz\/index.php?rest_route=\/wp\/v2\/posts\/2132\/revisions"}],"predecessor-version":[{"id":2145,"href":"https:\/\/www.isutc.ac.mz\/index.php?rest_route=\/wp\/v2\/posts\/2132\/revisions\/2145"}],"wp:featuredmedia":[{"embeddable":true,"href":"https:\/\/www.isutc.ac.mz\/index.php?rest_route=\/wp\/v2\/media\/2134"}],"wp:attachment":[{"href":"https:\/\/www.isutc.ac.mz\/index.php?rest_route=%2Fwp%2Fv2%2Fmedia&parent=2132"}],"wp:term":[{"taxonomy":"category","embeddable":true,"href":"https:\/\/www.isutc.ac.mz\/index.php?rest_route=%2Fwp%2Fv2%2Fcategories&post=2132"},{"taxonomy":"post_tag","embeddable":true,"href":"https:\/\/www.isutc.ac.mz\/index.php?rest_route=%2Fwp%2Fv2%2Ftags&post=2132"}],"curies":[{"name":"wp","href":"https:\/\/api.w.org\/{rel}","templated":true}]}}