
{"id":9984,"date":"2023-05-22T09:10:30","date_gmt":"2023-05-22T09:10:30","guid":{"rendered":"https:\/\/www.isutc.ac.mz\/?p=9984"},"modified":"2023-05-22T09:53:13","modified_gmt":"2023-05-22T09:53:13","slug":"primeira-reuniao-geral-de-docente-2023","status":"publish","type":"post","link":"https:\/\/www.isutc.ac.mz\/?p=9984","title":{"rendered":"Primeira Reuni\u00e3o Geral de Docentes 2023"},"content":{"rendered":"\n<p>Decorreu no dia 20 de Maio, no Centro de Confer\u00eancias da Tmcel a Reuni\u00e3o Geral de Docentes do ISUTC, onde se deu o primeiro debate sobre a revis\u00e3o curricular.<\/p>\n\n\n\n<p>Este encontro tinha como objectivo geral a elabora\u00e7\u00e3o, com base nas discuss\u00f5es\/ debates a realizar, de um primeiro esbo\u00e7o de uma poss\u00edvel grelha curricular dos diferentes cursos.<\/p>\n\n\n\n<p>A reuni\u00e3o foi um sucesso, contando com a presen\u00e7a de mais de 120 docentes. Fizeram parte do painel, o Magn\u00edfico Reitor do ISUTC Prof. Doutor Eng\u00ba Fernando Leite, o Director de Programas de Gradua\u00e7\u00e3o Eng. Elton Sixpence e o convidado de honra Prof. Joaquim Manjate docente e coordenador do mestrado em gest\u00e3o de empresas do ISUTC, que iniciou a reuni\u00e3o com uma aula inaugural, que se debru\u00e7ou sobre o tema: \u201cProcesso de desenvolvimento de pesquisa\u201d.<\/p>\n\n\n\n<figure class=\"wp-block-gallery has-nested-images columns-default is-cropped wp-block-gallery-1 is-layout-flex wp-block-gallery-is-layout-flex\">\n<figure class=\"wp-block-image size-large\"><a href=\"https:\/\/www.isutc.ac.mz\/wp-content\/uploads\/2023\/05\/IMG_3021-scaled.jpg\"><img loading=\"lazy\" decoding=\"async\" width=\"1024\" height=\"683\" data-id=\"9988\" src=\"https:\/\/www.isutc.ac.mz\/wp-content\/uploads\/2023\/05\/IMG_3021-1024x683.jpg\" alt=\"\" class=\"wp-image-9988\" srcset=\"https:\/\/www.isutc.ac.mz\/wp-content\/uploads\/2023\/05\/IMG_3021-1024x683.jpg 1024w, https:\/\/www.isutc.ac.mz\/wp-content\/uploads\/2023\/05\/IMG_3021-300x200.jpg 300w, https:\/\/www.isutc.ac.mz\/wp-content\/uploads\/2023\/05\/IMG_3021-768x512.jpg 768w, https:\/\/www.isutc.ac.mz\/wp-content\/uploads\/2023\/05\/IMG_3021-1536x1024.jpg 1536w, https:\/\/www.isutc.ac.mz\/wp-content\/uploads\/2023\/05\/IMG_3021-2048x1365.jpg 2048w\" sizes=\"auto, (max-width: 1024px) 100vw, 1024px\" \/><\/a><\/figure>\n\n\n\n<figure class=\"wp-block-image size-large\"><a href=\"https:\/\/www.isutc.ac.mz\/wp-content\/uploads\/2023\/05\/IMG_3027-scaled.jpg\"><img loading=\"lazy\" decoding=\"async\" width=\"1024\" height=\"683\" data-id=\"9987\" src=\"https:\/\/www.isutc.ac.mz\/wp-content\/uploads\/2023\/05\/IMG_3027-1024x683.jpg\" alt=\"\" class=\"wp-image-9987\" srcset=\"https:\/\/www.isutc.ac.mz\/wp-content\/uploads\/2023\/05\/IMG_3027-1024x683.jpg 1024w, https:\/\/www.isutc.ac.mz\/wp-content\/uploads\/2023\/05\/IMG_3027-300x200.jpg 300w, https:\/\/www.isutc.ac.mz\/wp-content\/uploads\/2023\/05\/IMG_3027-768x512.jpg 768w, https:\/\/www.isutc.ac.mz\/wp-content\/uploads\/2023\/05\/IMG_3027-1536x1024.jpg 1536w, https:\/\/www.isutc.ac.mz\/wp-content\/uploads\/2023\/05\/IMG_3027-2048x1365.jpg 2048w\" sizes=\"auto, (max-width: 1024px) 100vw, 1024px\" \/><\/a><\/figure>\n\n\n\n<figure class=\"wp-block-image size-large\"><a href=\"https:\/\/www.isutc.ac.mz\/wp-content\/uploads\/2023\/05\/IMG_3049-scaled.jpg\"><img loading=\"lazy\" decoding=\"async\" width=\"1024\" height=\"683\" data-id=\"9986\" src=\"https:\/\/www.isutc.ac.mz\/wp-content\/uploads\/2023\/05\/IMG_3049-1024x683.jpg\" alt=\"\" class=\"wp-image-9986\" srcset=\"https:\/\/www.isutc.ac.mz\/wp-content\/uploads\/2023\/05\/IMG_3049-1024x683.jpg 1024w, https:\/\/www.isutc.ac.mz\/wp-content\/uploads\/2023\/05\/IMG_3049-300x200.jpg 300w, https:\/\/www.isutc.ac.mz\/wp-content\/uploads\/2023\/05\/IMG_3049-768x512.jpg 768w, https:\/\/www.isutc.ac.mz\/wp-content\/uploads\/2023\/05\/IMG_3049-1536x1024.jpg 1536w, https:\/\/www.isutc.ac.mz\/wp-content\/uploads\/2023\/05\/IMG_3049-2048x1365.jpg 2048w\" sizes=\"auto, (max-width: 1024px) 100vw, 1024px\" \/><\/a><\/figure>\n\n\n\n<figure class=\"wp-block-image size-large\"><a href=\"https:\/\/www.isutc.ac.mz\/wp-content\/uploads\/2023\/05\/IMG_3071-scaled.jpg\"><img loading=\"lazy\" decoding=\"async\" width=\"1024\" height=\"683\" data-id=\"9990\" src=\"https:\/\/www.isutc.ac.mz\/wp-content\/uploads\/2023\/05\/IMG_3071-1024x683.jpg\" alt=\"\" class=\"wp-image-9990\" srcset=\"https:\/\/www.isutc.ac.mz\/wp-content\/uploads\/2023\/05\/IMG_3071-1024x683.jpg 1024w, https:\/\/www.isutc.ac.mz\/wp-content\/uploads\/2023\/05\/IMG_3071-300x200.jpg 300w, https:\/\/www.isutc.ac.mz\/wp-content\/uploads\/2023\/05\/IMG_3071-768x512.jpg 768w, https:\/\/www.isutc.ac.mz\/wp-content\/uploads\/2023\/05\/IMG_3071-1536x1024.jpg 1536w, https:\/\/www.isutc.ac.mz\/wp-content\/uploads\/2023\/05\/IMG_3071-2048x1365.jpg 2048w\" sizes=\"auto, (max-width: 1024px) 100vw, 1024px\" \/><\/a><\/figure>\n\n\n\n<figure class=\"wp-block-image size-large\"><a href=\"https:\/\/www.isutc.ac.mz\/wp-content\/uploads\/2023\/05\/IMG_3080-scaled.jpg\"><img loading=\"lazy\" decoding=\"async\" width=\"1024\" height=\"683\" data-id=\"9989\" src=\"https:\/\/www.isutc.ac.mz\/wp-content\/uploads\/2023\/05\/IMG_3080-1024x683.jpg\" alt=\"\" class=\"wp-image-9989\" srcset=\"https:\/\/www.isutc.ac.mz\/wp-content\/uploads\/2023\/05\/IMG_3080-1024x683.jpg 1024w, https:\/\/www.isutc.ac.mz\/wp-content\/uploads\/2023\/05\/IMG_3080-300x200.jpg 300w, https:\/\/www.isutc.ac.mz\/wp-content\/uploads\/2023\/05\/IMG_3080-768x512.jpg 768w, https:\/\/www.isutc.ac.mz\/wp-content\/uploads\/2023\/05\/IMG_3080-1536x1024.jpg 1536w, https:\/\/www.isutc.ac.mz\/wp-content\/uploads\/2023\/05\/IMG_3080-2048x1365.jpg 2048w\" sizes=\"auto, (max-width: 1024px) 100vw, 1024px\" \/><\/a><\/figure>\n\n\n\n<figure class=\"wp-block-image size-large\"><a href=\"https:\/\/www.isutc.ac.mz\/wp-content\/uploads\/2023\/05\/IMG_3086-scaled.jpg\"><img loading=\"lazy\" decoding=\"async\" width=\"1024\" height=\"683\" data-id=\"9991\" src=\"https:\/\/www.isutc.ac.mz\/wp-content\/uploads\/2023\/05\/IMG_3086-1024x683.jpg\" alt=\"\" class=\"wp-image-9991\" srcset=\"https:\/\/www.isutc.ac.mz\/wp-content\/uploads\/2023\/05\/IMG_3086-1024x683.jpg 1024w, https:\/\/www.isutc.ac.mz\/wp-content\/uploads\/2023\/05\/IMG_3086-300x200.jpg 300w, https:\/\/www.isutc.ac.mz\/wp-content\/uploads\/2023\/05\/IMG_3086-768x512.jpg 768w, https:\/\/www.isutc.ac.mz\/wp-content\/uploads\/2023\/05\/IMG_3086-1536x1024.jpg 1536w, https:\/\/www.isutc.ac.mz\/wp-content\/uploads\/2023\/05\/IMG_3086-2048x1365.jpg 2048w\" sizes=\"auto, (max-width: 1024px) 100vw, 1024px\" \/><\/a><\/figure>\n<\/figure>\n\n\n\n<figure class=\"wp-block-gallery has-nested-images columns-default is-cropped wp-block-gallery-2 is-layout-flex wp-block-gallery-is-layout-flex\">\n<figure class=\"wp-block-image size-large\"><a href=\"https:\/\/www.isutc.ac.mz\/wp-content\/uploads\/2023\/05\/IMG_3044-scaled.jpg\"><img loading=\"lazy\" decoding=\"async\" width=\"1024\" height=\"683\" data-id=\"9996\" src=\"https:\/\/www.isutc.ac.mz\/wp-content\/uploads\/2023\/05\/IMG_3044-1024x683.jpg\" alt=\"\" class=\"wp-image-9996\" srcset=\"https:\/\/www.isutc.ac.mz\/wp-content\/uploads\/2023\/05\/IMG_3044-1024x683.jpg 1024w, https:\/\/www.isutc.ac.mz\/wp-content\/uploads\/2023\/05\/IMG_3044-300x200.jpg 300w, https:\/\/www.isutc.ac.mz\/wp-content\/uploads\/2023\/05\/IMG_3044-768x512.jpg 768w, https:\/\/www.isutc.ac.mz\/wp-content\/uploads\/2023\/05\/IMG_3044-1536x1024.jpg 1536w, https:\/\/www.isutc.ac.mz\/wp-content\/uploads\/2023\/05\/IMG_3044-2048x1365.jpg 2048w\" sizes=\"auto, (max-width: 1024px) 100vw, 1024px\" \/><\/a><\/figure>\n\n\n\n<figure class=\"wp-block-image size-large\"><a href=\"https:\/\/www.isutc.ac.mz\/wp-content\/uploads\/2023\/05\/IMG_3046-scaled.jpg\"><img loading=\"lazy\" decoding=\"async\" width=\"1024\" height=\"683\" data-id=\"9997\" src=\"https:\/\/www.isutc.ac.mz\/wp-content\/uploads\/2023\/05\/IMG_3046-1024x683.jpg\" alt=\"\" class=\"wp-image-9997\" srcset=\"https:\/\/www.isutc.ac.mz\/wp-content\/uploads\/2023\/05\/IMG_3046-1024x683.jpg 1024w, https:\/\/www.isutc.ac.mz\/wp-content\/uploads\/2023\/05\/IMG_3046-300x200.jpg 300w, https:\/\/www.isutc.ac.mz\/wp-content\/uploads\/2023\/05\/IMG_3046-768x512.jpg 768w, https:\/\/www.isutc.ac.mz\/wp-content\/uploads\/2023\/05\/IMG_3046-1536x1024.jpg 1536w, https:\/\/www.isutc.ac.mz\/wp-content\/uploads\/2023\/05\/IMG_3046-2048x1365.jpg 2048w\" sizes=\"auto, (max-width: 1024px) 100vw, 1024px\" \/><\/a><\/figure>\n\n\n\n<figure class=\"wp-block-image size-large\"><a href=\"https:\/\/www.isutc.ac.mz\/wp-content\/uploads\/2023\/05\/IMG_3057-scaled.jpg\"><img loading=\"lazy\" decoding=\"async\" width=\"1024\" height=\"683\" data-id=\"9998\" src=\"https:\/\/www.isutc.ac.mz\/wp-content\/uploads\/2023\/05\/IMG_3057-1024x683.jpg\" alt=\"\" class=\"wp-image-9998\" srcset=\"https:\/\/www.isutc.ac.mz\/wp-content\/uploads\/2023\/05\/IMG_3057-1024x683.jpg 1024w, https:\/\/www.isutc.ac.mz\/wp-content\/uploads\/2023\/05\/IMG_3057-300x200.jpg 300w, https:\/\/www.isutc.ac.mz\/wp-content\/uploads\/2023\/05\/IMG_3057-768x512.jpg 768w, https:\/\/www.isutc.ac.mz\/wp-content\/uploads\/2023\/05\/IMG_3057-1536x1024.jpg 1536w, https:\/\/www.isutc.ac.mz\/wp-content\/uploads\/2023\/05\/IMG_3057-2048x1365.jpg 2048w\" sizes=\"auto, (max-width: 1024px) 100vw, 1024px\" \/><\/a><\/figure>\n<\/figure>\n\n\n\n<p>E como o ISUTC \u00e9 constitu\u00eddo por pessoas com diversas capacidades para al\u00e9m de leccionarem, houve ainda espa\u00e7o para um momento musical organizado pela docente Dra. Rossana Malenda, do Gabinete dos PFC\u2019s e os estudantes Deirldre Alberto, do 4o ano, do curso de Contabilidade e Auditoria na voz, e Shelton Massango do 1o ano do curso de Engenheira Inform\u00e1tica e de Telecomunica\u00e7\u00f5es, ao Piano, Interpretaram temas como: Original de Fany Mpfumo, T\u00edtulo: A Vasati Va Lomu E da Cantora sul africana: Zahara &#8211;&nbsp;t\u00edtulo:&nbsp;Loliwe.<\/p>\n\n\n\n<p>Os docentes seguiram para uma sess\u00e3o de trabalho na espectativa de obten\u00e7\u00e3o de indica\u00e7\u00f5es \u00fateis para se iniciar o esbo\u00e7o para uma nova grelha curricular e terminaram a manh\u00e3 com um almo\u00e7o para conv\u00edvio entre todos.<\/p>\n","protected":false},"excerpt":{"rendered":"<p>Decorreu no dia 20 de Maio, no Centro de Confer\u00eancias da Tmcel a Reuni\u00e3o Geral de Docentes do ISUTC, onde se deu o primeiro debate sobre a revis\u00e3o curricular. Este encontro tinha como objectivo geral a elabora\u00e7\u00e3o, com base nas discuss\u00f5es\/ debates a realizar, de um primeiro esbo\u00e7o de uma poss\u00edvel grelha curricular dos diferentes [&hellip;]<\/p>\n","protected":false},"author":17,"featured_media":9985,"comment_status":"open","ping_status":"open","sticky":false,"template":"","format":"standard","meta":{"footnotes":""},"categories":[44,5],"tags":[],"class_list":["post-9984","post","type-post","status-publish","format-standard","has-post-thumbnail","hentry","category-destaque","category-noticia"],"yoast_head":"<!-- This site is optimized with the Yoast SEO plugin v26.9 - https:\/\/yoast.com\/product\/yoast-seo-wordpress\/ -->\n<title>Primeira Reuni\u00e3o Geral de Docentes 2023 - ISUTC<\/title>\n<meta name=\"robots\" content=\"index, follow, max-snippet:-1, max-image-preview:large, max-video-preview:-1\" \/>\n<link rel=\"canonical\" href=\"https:\/\/www.isutc.ac.mz\/?p=9984\" \/>\n<meta property=\"og:locale\" content=\"pt_PT\" \/>\n<meta property=\"og:type\" content=\"article\" \/>\n<meta property=\"og:title\" content=\"Primeira Reuni\u00e3o Geral de Docentes 2023 - ISUTC\" \/>\n<meta property=\"og:description\" content=\"Decorreu no dia 20 de Maio, no Centro de Confer\u00eancias da Tmcel a Reuni\u00e3o Geral de Docentes do ISUTC, onde se deu o primeiro debate sobre a revis\u00e3o curricular. Este encontro tinha como objectivo geral a elabora\u00e7\u00e3o, com base nas discuss\u00f5es\/ debates a realizar, de um primeiro esbo\u00e7o de uma poss\u00edvel grelha curricular dos diferentes [&hellip;]\" \/>\n<meta property=\"og:url\" content=\"https:\/\/www.isutc.ac.mz\/?p=9984\" \/>\n<meta property=\"og:site_name\" content=\"ISUTC\" \/>\n<meta property=\"article:publisher\" content=\"https:\/\/pt-br.facebook.com\/isutc\" \/>\n<meta property=\"article:published_time\" content=\"2023-05-22T09:10:30+00:00\" \/>\n<meta property=\"article:modified_time\" content=\"2023-05-22T09:53:13+00:00\" \/>\n<meta property=\"og:image\" content=\"https:\/\/www.isutc.ac.mz\/wp-content\/uploads\/2023\/05\/cerimonia-Doc.jpg\" \/>\n\t<meta property=\"og:image:width\" content=\"1080\" \/>\n\t<meta property=\"og:image:height\" content=\"566\" \/>\n\t<meta property=\"og:image:type\" content=\"image\/jpeg\" \/>\n<meta name=\"author\" content=\"Francisca Chacha\" \/>\n<meta name=\"twitter:card\" content=\"summary_large_image\" \/>\n<meta name=\"twitter:label1\" content=\"Escrito por\" \/>\n\t<meta name=\"twitter:data1\" content=\"Francisca Chacha\" \/>\n\t<meta name=\"twitter:label2\" content=\"Tempo estimado de leitura\" \/>\n\t<meta name=\"twitter:data2\" content=\"1 minuto\" \/>\n<script type=\"application\/ld+json\" class=\"yoast-schema-graph\">{\"@context\":\"https:\/\/schema.org\",\"@graph\":[{\"@type\":\"Article\",\"@id\":\"https:\/\/www.isutc.ac.mz\/?p=9984#article\",\"isPartOf\":{\"@id\":\"https:\/\/www.isutc.ac.mz\/?p=9984\"},\"author\":{\"name\":\"Francisca Chacha\",\"@id\":\"https:\/\/www.isutc.ac.mz\/#\/schema\/person\/91dac55d0c4a61cc39a90540a2aa9205\"},\"headline\":\"Primeira Reuni\u00e3o Geral de Docentes 2023\",\"datePublished\":\"2023-05-22T09:10:30+00:00\",\"dateModified\":\"2023-05-22T09:53:13+00:00\",\"mainEntityOfPage\":{\"@id\":\"https:\/\/www.isutc.ac.mz\/?p=9984\"},\"wordCount\":285,\"commentCount\":0,\"publisher\":{\"@id\":\"https:\/\/www.isutc.ac.mz\/#organization\"},\"image\":{\"@id\":\"https:\/\/www.isutc.ac.mz\/?p=9984#primaryimage\"},\"thumbnailUrl\":\"https:\/\/www.isutc.ac.mz\/wp-content\/uploads\/2023\/05\/cerimonia-Doc.jpg\",\"articleSection\":[\"Destaque\",\"Noticia\"],\"inLanguage\":\"pt-PT\",\"potentialAction\":[{\"@type\":\"CommentAction\",\"name\":\"Comment\",\"target\":[\"https:\/\/www.isutc.ac.mz\/?p=9984#respond\"]}]},{\"@type\":\"WebPage\",\"@id\":\"https:\/\/www.isutc.ac.mz\/?p=9984\",\"url\":\"https:\/\/www.isutc.ac.mz\/?p=9984\",\"name\":\"Primeira Reuni\u00e3o Geral de Docentes 2023 - ISUTC\",\"isPartOf\":{\"@id\":\"https:\/\/www.isutc.ac.mz\/#website\"},\"primaryImageOfPage\":{\"@id\":\"https:\/\/www.isutc.ac.mz\/?p=9984#primaryimage\"},\"image\":{\"@id\":\"https:\/\/www.isutc.ac.mz\/?p=9984#primaryimage\"},\"thumbnailUrl\":\"https:\/\/www.isutc.ac.mz\/wp-content\/uploads\/2023\/05\/cerimonia-Doc.jpg\",\"datePublished\":\"2023-05-22T09:10:30+00:00\",\"dateModified\":\"2023-05-22T09:53:13+00:00\",\"breadcrumb\":{\"@id\":\"https:\/\/www.isutc.ac.mz\/?p=9984#breadcrumb\"},\"inLanguage\":\"pt-PT\",\"potentialAction\":[{\"@type\":\"ReadAction\",\"target\":[\"https:\/\/www.isutc.ac.mz\/?p=9984\"]}]},{\"@type\":\"ImageObject\",\"inLanguage\":\"pt-PT\",\"@id\":\"https:\/\/www.isutc.ac.mz\/?p=9984#primaryimage\",\"url\":\"https:\/\/www.isutc.ac.mz\/wp-content\/uploads\/2023\/05\/cerimonia-Doc.jpg\",\"contentUrl\":\"https:\/\/www.isutc.ac.mz\/wp-content\/uploads\/2023\/05\/cerimonia-Doc.jpg\",\"width\":1080,\"height\":566},{\"@type\":\"BreadcrumbList\",\"@id\":\"https:\/\/www.isutc.ac.mz\/?p=9984#breadcrumb\",\"itemListElement\":[{\"@type\":\"ListItem\",\"position\":1,\"name\":\"Home\",\"item\":\"https:\/\/www.isutc.ac.mz\/\"},{\"@type\":\"ListItem\",\"position\":2,\"name\":\"Primeira Reuni\u00e3o Geral de Docentes 2023\"}]},{\"@type\":\"WebSite\",\"@id\":\"https:\/\/www.isutc.ac.mz\/#website\",\"url\":\"https:\/\/www.isutc.ac.mz\/\",\"name\":\"ISUTC\",\"description\":\"Instituto Superior de Transportes e Comunica\u00e7\u00f5es\",\"publisher\":{\"@id\":\"https:\/\/www.isutc.ac.mz\/#organization\"},\"potentialAction\":[{\"@type\":\"SearchAction\",\"target\":{\"@type\":\"EntryPoint\",\"urlTemplate\":\"https:\/\/www.isutc.ac.mz\/?s={search_term_string}\"},\"query-input\":{\"@type\":\"PropertyValueSpecification\",\"valueRequired\":true,\"valueName\":\"search_term_string\"}}],\"inLanguage\":\"pt-PT\"},{\"@type\":\"Organization\",\"@id\":\"https:\/\/www.isutc.ac.mz\/#organization\",\"name\":\"instituto superior de transportes e comunica\u00e7\u00f5es\",\"url\":\"https:\/\/www.isutc.ac.mz\/\",\"logo\":{\"@type\":\"ImageObject\",\"inLanguage\":\"pt-PT\",\"@id\":\"https:\/\/www.isutc.ac.mz\/#\/schema\/logo\/image\/\",\"url\":\"https:\/\/www.isutc.ac.mz\/wp-content\/uploads\/2020\/08\/LOGO-20.png\",\"contentUrl\":\"https:\/\/www.isutc.ac.mz\/wp-content\/uploads\/2020\/08\/LOGO-20.png\",\"width\":390,\"height\":105,\"caption\":\"instituto superior de transportes e comunica\u00e7\u00f5es\"},\"image\":{\"@id\":\"https:\/\/www.isutc.ac.mz\/#\/schema\/logo\/image\/\"},\"sameAs\":[\"https:\/\/pt-br.facebook.com\/isutc\",\"https:\/\/www.instagram.com\/isutc.ac\/\"]},{\"@type\":\"Person\",\"@id\":\"https:\/\/www.isutc.ac.mz\/#\/schema\/person\/91dac55d0c4a61cc39a90540a2aa9205\",\"name\":\"Francisca Chacha\",\"image\":{\"@type\":\"ImageObject\",\"inLanguage\":\"pt-PT\",\"@id\":\"https:\/\/www.isutc.ac.mz\/#\/schema\/person\/image\/\",\"url\":\"https:\/\/secure.gravatar.com\/avatar\/1b22b2d08b8ef61c857aeaa08fac1cf21357b6ec7d91d342e408c93afe44a831?s=96&d=mm&r=g\",\"contentUrl\":\"https:\/\/secure.gravatar.com\/avatar\/1b22b2d08b8ef61c857aeaa08fac1cf21357b6ec7d91d342e408c93afe44a831?s=96&d=mm&r=g\",\"caption\":\"Francisca Chacha\"},\"url\":\"https:\/\/www.isutc.ac.mz\/?author=17\"}]}<\/script>\n<!-- \/ Yoast SEO plugin. -->","yoast_head_json":{"title":"Primeira Reuni\u00e3o Geral de Docentes 2023 - ISUTC","robots":{"index":"index","follow":"follow","max-snippet":"max-snippet:-1","max-image-preview":"max-image-preview:large","max-video-preview":"max-video-preview:-1"},"canonical":"https:\/\/www.isutc.ac.mz\/?p=9984","og_locale":"pt_PT","og_type":"article","og_title":"Primeira Reuni\u00e3o Geral de Docentes 2023 - ISUTC","og_description":"Decorreu no dia 20 de Maio, no Centro de Confer\u00eancias da Tmcel a Reuni\u00e3o Geral de Docentes do ISUTC, onde se deu o primeiro debate sobre a revis\u00e3o curricular. Este encontro tinha como objectivo geral a elabora\u00e7\u00e3o, com base nas discuss\u00f5es\/ debates a realizar, de um primeiro esbo\u00e7o de uma poss\u00edvel grelha curricular dos diferentes [&hellip;]","og_url":"https:\/\/www.isutc.ac.mz\/?p=9984","og_site_name":"ISUTC","article_publisher":"https:\/\/pt-br.facebook.com\/isutc","article_published_time":"2023-05-22T09:10:30+00:00","article_modified_time":"2023-05-22T09:53:13+00:00","og_image":[{"width":1080,"height":566,"url":"https:\/\/www.isutc.ac.mz\/wp-content\/uploads\/2023\/05\/cerimonia-Doc.jpg","type":"image\/jpeg"}],"author":"Francisca Chacha","twitter_card":"summary_large_image","twitter_misc":{"Escrito por":"Francisca Chacha","Tempo estimado de leitura":"1 minuto"},"schema":{"@context":"https:\/\/schema.org","@graph":[{"@type":"Article","@id":"https:\/\/www.isutc.ac.mz\/?p=9984#article","isPartOf":{"@id":"https:\/\/www.isutc.ac.mz\/?p=9984"},"author":{"name":"Francisca Chacha","@id":"https:\/\/www.isutc.ac.mz\/#\/schema\/person\/91dac55d0c4a61cc39a90540a2aa9205"},"headline":"Primeira Reuni\u00e3o Geral de Docentes 2023","datePublished":"2023-05-22T09:10:30+00:00","dateModified":"2023-05-22T09:53:13+00:00","mainEntityOfPage":{"@id":"https:\/\/www.isutc.ac.mz\/?p=9984"},"wordCount":285,"commentCount":0,"publisher":{"@id":"https:\/\/www.isutc.ac.mz\/#organization"},"image":{"@id":"https:\/\/www.isutc.ac.mz\/?p=9984#primaryimage"},"thumbnailUrl":"https:\/\/www.isutc.ac.mz\/wp-content\/uploads\/2023\/05\/cerimonia-Doc.jpg","articleSection":["Destaque","Noticia"],"inLanguage":"pt-PT","potentialAction":[{"@type":"CommentAction","name":"Comment","target":["https:\/\/www.isutc.ac.mz\/?p=9984#respond"]}]},{"@type":"WebPage","@id":"https:\/\/www.isutc.ac.mz\/?p=9984","url":"https:\/\/www.isutc.ac.mz\/?p=9984","name":"Primeira Reuni\u00e3o Geral de Docentes 2023 - ISUTC","isPartOf":{"@id":"https:\/\/www.isutc.ac.mz\/#website"},"primaryImageOfPage":{"@id":"https:\/\/www.isutc.ac.mz\/?p=9984#primaryimage"},"image":{"@id":"https:\/\/www.isutc.ac.mz\/?p=9984#primaryimage"},"thumbnailUrl":"https:\/\/www.isutc.ac.mz\/wp-content\/uploads\/2023\/05\/cerimonia-Doc.jpg","datePublished":"2023-05-22T09:10:30+00:00","dateModified":"2023-05-22T09:53:13+00:00","breadcrumb":{"@id":"https:\/\/www.isutc.ac.mz\/?p=9984#breadcrumb"},"inLanguage":"pt-PT","potentialAction":[{"@type":"ReadAction","target":["https:\/\/www.isutc.ac.mz\/?p=9984"]}]},{"@type":"ImageObject","inLanguage":"pt-PT","@id":"https:\/\/www.isutc.ac.mz\/?p=9984#primaryimage","url":"https:\/\/www.isutc.ac.mz\/wp-content\/uploads\/2023\/05\/cerimonia-Doc.jpg","contentUrl":"https:\/\/www.isutc.ac.mz\/wp-content\/uploads\/2023\/05\/cerimonia-Doc.jpg","width":1080,"height":566},{"@type":"BreadcrumbList","@id":"https:\/\/www.isutc.ac.mz\/?p=9984#breadcrumb","itemListElement":[{"@type":"ListItem","position":1,"name":"Home","item":"https:\/\/www.isutc.ac.mz\/"},{"@type":"ListItem","position":2,"name":"Primeira Reuni\u00e3o Geral de Docentes 2023"}]},{"@type":"WebSite","@id":"https:\/\/www.isutc.ac.mz\/#website","url":"https:\/\/www.isutc.ac.mz\/","name":"ISUTC","description":"Instituto Superior de Transportes e Comunica\u00e7\u00f5es","publisher":{"@id":"https:\/\/www.isutc.ac.mz\/#organization"},"potentialAction":[{"@type":"SearchAction","target":{"@type":"EntryPoint","urlTemplate":"https:\/\/www.isutc.ac.mz\/?s={search_term_string}"},"query-input":{"@type":"PropertyValueSpecification","valueRequired":true,"valueName":"search_term_string"}}],"inLanguage":"pt-PT"},{"@type":"Organization","@id":"https:\/\/www.isutc.ac.mz\/#organization","name":"instituto superior de transportes e comunica\u00e7\u00f5es","url":"https:\/\/www.isutc.ac.mz\/","logo":{"@type":"ImageObject","inLanguage":"pt-PT","@id":"https:\/\/www.isutc.ac.mz\/#\/schema\/logo\/image\/","url":"https:\/\/www.isutc.ac.mz\/wp-content\/uploads\/2020\/08\/LOGO-20.png","contentUrl":"https:\/\/www.isutc.ac.mz\/wp-content\/uploads\/2020\/08\/LOGO-20.png","width":390,"height":105,"caption":"instituto superior de transportes e comunica\u00e7\u00f5es"},"image":{"@id":"https:\/\/www.isutc.ac.mz\/#\/schema\/logo\/image\/"},"sameAs":["https:\/\/pt-br.facebook.com\/isutc","https:\/\/www.instagram.com\/isutc.ac\/"]},{"@type":"Person","@id":"https:\/\/www.isutc.ac.mz\/#\/schema\/person\/91dac55d0c4a61cc39a90540a2aa9205","name":"Francisca Chacha","image":{"@type":"ImageObject","inLanguage":"pt-PT","@id":"https:\/\/www.isutc.ac.mz\/#\/schema\/person\/image\/","url":"https:\/\/secure.gravatar.com\/avatar\/1b22b2d08b8ef61c857aeaa08fac1cf21357b6ec7d91d342e408c93afe44a831?s=96&d=mm&r=g","contentUrl":"https:\/\/secure.gravatar.com\/avatar\/1b22b2d08b8ef61c857aeaa08fac1cf21357b6ec7d91d342e408c93afe44a831?s=96&d=mm&r=g","caption":"Francisca Chacha"},"url":"https:\/\/www.isutc.ac.mz\/?author=17"}]}},"_links":{"self":[{"href":"https:\/\/www.isutc.ac.mz\/index.php?rest_route=\/wp\/v2\/posts\/9984","targetHints":{"allow":["GET"]}}],"collection":[{"href":"https:\/\/www.isutc.ac.mz\/index.php?rest_route=\/wp\/v2\/posts"}],"about":[{"href":"https:\/\/www.isutc.ac.mz\/index.php?rest_route=\/wp\/v2\/types\/post"}],"author":[{"embeddable":true,"href":"https:\/\/www.isutc.ac.mz\/index.php?rest_route=\/wp\/v2\/users\/17"}],"replies":[{"embeddable":true,"href":"https:\/\/www.isutc.ac.mz\/index.php?rest_route=%2Fwp%2Fv2%2Fcomments&post=9984"}],"version-history":[{"count":4,"href":"https:\/\/www.isutc.ac.mz\/index.php?rest_route=\/wp\/v2\/posts\/9984\/revisions"}],"predecessor-version":[{"id":10000,"href":"https:\/\/www.isutc.ac.mz\/index.php?rest_route=\/wp\/v2\/posts\/9984\/revisions\/10000"}],"wp:featuredmedia":[{"embeddable":true,"href":"https:\/\/www.isutc.ac.mz\/index.php?rest_route=\/wp\/v2\/media\/9985"}],"wp:attachment":[{"href":"https:\/\/www.isutc.ac.mz\/index.php?rest_route=%2Fwp%2Fv2%2Fmedia&parent=9984"}],"wp:term":[{"taxonomy":"category","embeddable":true,"href":"https:\/\/www.isutc.ac.mz\/index.php?rest_route=%2Fwp%2Fv2%2Fcategories&post=9984"},{"taxonomy":"post_tag","embeddable":true,"href":"https:\/\/www.isutc.ac.mz\/index.php?rest_route=%2Fwp%2Fv2%2Ftags&post=9984"}],"curies":[{"name":"wp","href":"https:\/\/api.w.org\/{rel}","templated":true}]}}